{"id":845,"date":"2014-06-22T17:54:16","date_gmt":"2014-06-22T15:54:16","guid":{"rendered":"http:\/\/menina-unterwegs.de\/?p=845"},"modified":"2014-06-22T17:54:16","modified_gmt":"2014-06-22T15:54:16","slug":"tag-87-landete-carboneras-de-guadazaon","status":"publish","type":"post","link":"http:\/\/menina-unterwegs.de\/?p=845","title":{"rendered":"Tag 87. Landete &#8211; Carboneras de Guadaza\u00f3n"},"content":{"rendered":"<p><iframe loading=\"lazy\" width=\"100%\" height=\"450\" frameborder=\"0\" scrolling=\"no\" marginheight=\"0\" marginwidth=\"0\" src=\"http:\/\/www.komoot.de\/tour\/3117986?embed&utm_campaign=wpplugin\"><a href=\"http:\/\/www.komoot.de\/tour\/3117986?utm_campaign=wpplugin\">Tour anzeigen<\/a><\/iframe><\/p>\n<p>Morgens um acht ist es noch sch\u00f6n k\u00fchl. Es geht erstmal durch ein Tal. Insgesamt ist die Strecke bei weitem nicht so anstrengend wie gestern. Trotzdem bin ich m\u00fcde und komme nicht so richtig &#8222;in die G\u00e4nge&#8220; (kleiner Scherz unter uns Fernfahrern&#8230;). Irgendwas ist an dem Lenker anders oder an den Griffen. Meine beiden Ringfinger schlafen dauernd ein und wachen auch nicht so richtig komplett wieder auf. Ich \u00fcberlege, ob ich es ihnen nicht gleichtun kann und einfach  in den Stra\u00dfengraben neben mir falle. Dummerweise haben viele, sehr viele, Trichternetzspinnen ihre Trichternetzspinnennetze dort installiert, sodass ich mich doch irgendwie gegen ein Schl\u00e4fchen entscheide. Ich w\u00fcrde ja ein Foto machen, aber ich muss leider mit H\u00f6chstgeschwindigkeit (in diesem Fall irrwitzige 15kmh) an ihnen vorbei fahren. <\/p>\n<p><a href=\"http:\/\/menina-unterwegs.de\/wp-content\/uploads\/2014\/06\/20140622-174523-63923178.jpg\"><img decoding=\"async\" src=\"http:\/\/menina-unterwegs.de\/wp-content\/uploads\/2014\/06\/20140622-174523-63923178.jpg\" alt=\"20140622-174523-63923178.jpg\" class=\"alignnone size-full\" \/><\/a><\/p>\n<p><a href=\"http:\/\/menina-unterwegs.de\/wp-content\/uploads\/2014\/06\/20140622-174523-63923558.jpg\"><img decoding=\"async\" src=\"http:\/\/menina-unterwegs.de\/wp-content\/uploads\/2014\/06\/20140622-174523-63923558.jpg\" alt=\"20140622-174523-63923558.jpg\" class=\"alignnone size-full\" \/><\/a><\/p>\n<p><a href=\"http:\/\/menina-unterwegs.de\/wp-content\/uploads\/2014\/06\/20140622-174523-63923924.jpg\"><img decoding=\"async\" src=\"http:\/\/menina-unterwegs.de\/wp-content\/uploads\/2014\/06\/20140622-174523-63923924.jpg\" alt=\"20140622-174523-63923924.jpg\" class=\"alignnone size-full\" \/><\/a><\/p>\n<p><a href=\"http:\/\/menina-unterwegs.de\/wp-content\/uploads\/2014\/06\/20140622-174524-63924581.jpg\"><img decoding=\"async\" src=\"http:\/\/menina-unterwegs.de\/wp-content\/uploads\/2014\/06\/20140622-174524-63924581.jpg\" alt=\"20140622-174524-63924581.jpg\" class=\"alignnone size-full\" \/><\/a><\/p>\n<p>Ich habe noch gar nichts \u00fcber den neuen Sattel geschrieben. Ist auch nicht viel dran. Buchst\u00e4blich. Daf\u00fcr redet er mit mir, indem er immer mal quietsch und knarrt. Ist ja auch was wert. Ab halb zw\u00f6lf wird es ungem\u00fctlich in der Sonne. Um halb eins komme ich am Hotel an. Auch hier gibt es in der Gegend keinen Campingplatz. Erst wieder in Cuenca, meine n\u00e4chste Station. Das Hotel ist zwar in einem Kaff, aber modern und h\u00fcbsch. Gro\u00dfspurig habe ich schonmal angek\u00fcndigt, dass ich morgen um sieben los m\u00fcsste, ob das ein Problem sei. \u00dcberhaupt nicht. Ich glaube aber, ich verschiebe den Start auf acht. Fernsehen ist schlie\u00dflich \u00e4u\u00dferst anstrengend &#8211; das tue ich seit ich angekommen bin. Ich bekomme sogar ein Fr\u00fchst\u00fcck. Ich bin gespannt. <\/p>\n<p>Wir haben bei diesen Verkehrsschildern immer eine Kuh drauf. In Spanien? Nat\u00fcrlich ein Stier!<\/p>\n<p><a href=\"http:\/\/menina-unterwegs.de\/wp-content\/uploads\/2014\/06\/20140622-175334-64414539.jpg\"><img decoding=\"async\" src=\"http:\/\/menina-unterwegs.de\/wp-content\/uploads\/2014\/06\/20140622-175334-64414539.jpg\" alt=\"20140622-175334-64414539.jpg\" class=\"alignnone size-full\" \/><\/a><\/p>\n<p><a href=\"http:\/\/menina-unterwegs.de\/wp-content\/uploads\/2014\/06\/20140622-175356-64436686.jpg\"><img decoding=\"async\" src=\"http:\/\/menina-unterwegs.de\/wp-content\/uploads\/2014\/06\/20140622-175356-64436686.jpg\" alt=\"20140622-175356-64436686.jpg\" class=\"alignnone size-full\" \/><\/a><\/p>\n","protected":false},"excerpt":{"rendered":"<p>Tour anzeigen Morgens um acht ist es noch sch\u00f6n k\u00fchl. Es geht erstmal durch ein Tal. Insgesamt ist die Strecke bei weitem nicht so anstrengend wie gestern. Trotzdem bin ich m\u00fcde und komme nicht so richtig &#8222;in die G\u00e4nge&#8220; (kleiner Scherz unter uns Fernfahrern&#8230;). Irgendwas ist an dem Lenker anders oder an den Griffen. Meine &hellip; <a href=\"http:\/\/menina-unterwegs.de\/?p=845\" class=\"more-link\"><span class=\"screen-reader-text\">Tag 87. Landete &#8211; Carboneras de Guadaza\u00f3n<\/span> weiterlesen <span class=\"meta-nav\">&rarr;<\/span><\/a><\/p>\n","protected":false},"author":2,"featured_media":0,"comment_status":"open","ping_status":"open","sticky":false,"template":"","format":"standard","meta":{"ngg_post_thumbnail":0,"footnotes":""},"categories":[1],"tags":[],"class_list":["post-845","post","type-post","status-publish","format-standard","hentry","category-tour"],"jetpack_featured_media_url":"","_links":{"self":[{"href":"http:\/\/menina-unterwegs.de\/index.php?rest_route=\/wp\/v2\/posts\/845","targetHints":{"allow":["GET"]}}],"collection":[{"href":"http:\/\/menina-unterwegs.de\/index.php?rest_route=\/wp\/v2\/posts"}],"about":[{"href":"http:\/\/menina-unterwegs.de\/index.php?rest_route=\/wp\/v2\/types\/post"}],"author":[{"embeddable":true,"href":"http:\/\/menina-unterwegs.de\/index.php?rest_route=\/wp\/v2\/users\/2"}],"replies":[{"embeddable":true,"href":"http:\/\/menina-unterwegs.de\/index.php?rest_route=%2Fwp%2Fv2%2Fcomments&post=845"}],"version-history":[{"count":1,"href":"http:\/\/menina-unterwegs.de\/index.php?rest_route=\/wp\/v2\/posts\/845\/revisions"}],"predecessor-version":[{"id":846,"href":"http:\/\/menina-unterwegs.de\/index.php?rest_route=\/wp\/v2\/posts\/845\/revisions\/846"}],"wp:attachment":[{"href":"http:\/\/menina-unterwegs.de\/index.php?rest_route=%2Fwp%2Fv2%2Fmedia&parent=845"}],"wp:term":[{"taxonomy":"category","embeddable":true,"href":"http:\/\/menina-unterwegs.de\/index.php?rest_route=%2Fwp%2Fv2%2Fcategories&post=845"},{"taxonomy":"post_tag","embeddable":true,"href":"http:\/\/menina-unterwegs.de\/index.php?rest_route=%2Fwp%2Fv2%2Ftags&post=845"}],"curies":[{"name":"wp","href":"https:\/\/api.w.org\/{rel}","templated":true}]}}