{"id":799,"date":"2014-06-16T19:49:37","date_gmt":"2014-06-16T17:49:37","guid":{"rendered":"http:\/\/menina-unterwegs.de\/?p=799"},"modified":"2014-06-16T19:49:37","modified_gmt":"2014-06-16T17:49:37","slug":"tag-81-valencia","status":"publish","type":"post","link":"http:\/\/menina-unterwegs.de\/?p=799","title":{"rendered":"Tag 81. Val\u00e9ncia"},"content":{"rendered":"<p>Heute in den Zoo. Um 9:20 bin ich immer noch m\u00fcde. So geht das aber nicht weiter. Der Zoo ist sehr sch\u00f6n angelegt, mit viel Schatten. Wir machen irgendwann Pause und kaufen uns zwei \u00fcberaus leckere bocadillos. Wir essen mit Blick auf die Tiere. Sehr sch\u00f6n. Wir m\u00fcssen aber um 18h zu Hause sein, damit wir Fu\u00dfball gucken k\u00f6nnen. Ich habe das Gef\u00fchl, f\u00fcr Julia ist das nicht ganz so wichtig, aber sie unterst\u00fctzt mich da ganz geduldig \ud83d\ude42<br \/>\nAuf dem Weg nach Hause nur noch schnell Milch kaufen.<br \/>\nAn der Kasse eine sehr nette Kassiererin, die uns zu einer Kasse winkt, die sie scheinbar nur f\u00fcr uns aufmacht, denn allen nach uns sagt sie h\u00f6flich aber bestimmt, dass sie bitte zu der anderen Kasse gehen sollen. Ich habe dummerweise zwei Sachen, die eigentlich abgewogen werden m\u00fcssen. Das f\u00e4llt mir auch ein, als sie es mir etwas mitleidig erkl\u00e4rt. Ich laufe los und finde die Waage nicht. Also lege ich schweren Herzens meine Geb\u00e4ckst\u00fccke wieder in die Kartons und gehe mit leeren H\u00e4nden zur Kasse zur\u00fcck. Die sehr nette Kassiererin hilft mir dann aber und kommt mit mir zu der Waage. Dazwischen sagt sie &#8222;cari\u00f1o&#8220; und irgendwas mit &#8222;coraz\u00f3n&#8220; zu mir. Ach, ich bin ganz hin und weg von ihr. Sowas nettes.<br \/>\nMit vollem Rucksack und noch einer vollen T\u00fcte verlassen wir den Supermarkt. Auf dem Weg nach Hause kommt uns ein kleiner Junge mit seiner Oma entgegen. Er hat eine Barbiepuppe in der Hand, die er gerade stolz mit ihren eigenen ziemlich \u00fcppigen Haaren stranguliert. Vielleicht wollte er ihr auch nur einen Schal spendieren, denn es ist reichlich bew\u00f6lkt und weht. Sehr angenehm. Zu Hause Abendbrot machen und Fernseher an. Noch bevor ich den Sender finde, hat Deutschland anscheinend schon ein Tor. Na das ist doch mal was. Allerdings tangiert mich die WM nicht sonderlich. Irgendwie bin ich noch nicht wieder in dem normalen Leben angekommen. <\/p>\n<p><a href=\"http:\/\/menina-unterwegs.de\/wp-content\/uploads\/2014\/06\/20140616-194527-71127611.jpg\"><img decoding=\"async\" src=\"http:\/\/menina-unterwegs.de\/wp-content\/uploads\/2014\/06\/20140616-194527-71127611.jpg\" alt=\"20140616-194527-71127611.jpg\" class=\"alignnone size-full\" \/><\/a><\/p>\n<p><a href=\"http:\/\/menina-unterwegs.de\/wp-content\/uploads\/2014\/06\/20140616-194527-71127951.jpg\"><img decoding=\"async\" src=\"http:\/\/menina-unterwegs.de\/wp-content\/uploads\/2014\/06\/20140616-194527-71127951.jpg\" alt=\"20140616-194527-71127951.jpg\" class=\"alignnone size-full\" \/><\/a><\/p>\n<p><a href=\"http:\/\/menina-unterwegs.de\/wp-content\/uploads\/2014\/06\/20140616-194528-71128341.jpg\"><img decoding=\"async\" src=\"http:\/\/menina-unterwegs.de\/wp-content\/uploads\/2014\/06\/20140616-194528-71128341.jpg\" alt=\"20140616-194528-71128341.jpg\" class=\"alignnone size-full\" \/><\/a><\/p>\n<p><a href=\"http:\/\/menina-unterwegs.de\/wp-content\/uploads\/2014\/06\/20140616-194527-71127211.jpg\"><img decoding=\"async\" src=\"http:\/\/menina-unterwegs.de\/wp-content\/uploads\/2014\/06\/20140616-194527-71127211.jpg\" alt=\"20140616-194527-71127211.jpg\" class=\"alignnone size-full\" \/><\/a><\/p>\n","protected":false},"excerpt":{"rendered":"<p>Heute in den Zoo. Um 9:20 bin ich immer noch m\u00fcde. So geht das aber nicht weiter. Der Zoo ist sehr sch\u00f6n angelegt, mit viel Schatten. Wir machen irgendwann Pause und kaufen uns zwei \u00fcberaus leckere bocadillos. Wir essen mit Blick auf die Tiere. Sehr sch\u00f6n. Wir m\u00fcssen aber um 18h zu Hause sein, damit &hellip; <a href=\"http:\/\/menina-unterwegs.de\/?p=799\" class=\"more-link\"><span class=\"screen-reader-text\">Tag 81. Val\u00e9ncia<\/span> weiterlesen <span class=\"meta-nav\">&rarr;<\/span><\/a><\/p>\n","protected":false},"author":2,"featured_media":0,"comment_status":"open","ping_status":"open","sticky":false,"template":"","format":"standard","meta":{"ngg_post_thumbnail":0,"footnotes":""},"categories":[1],"tags":[],"class_list":["post-799","post","type-post","status-publish","format-standard","hentry","category-tour"],"jetpack_featured_media_url":"","_links":{"self":[{"href":"http:\/\/menina-unterwegs.de\/index.php?rest_route=\/wp\/v2\/posts\/799","targetHints":{"allow":["GET"]}}],"collection":[{"href":"http:\/\/menina-unterwegs.de\/index.php?rest_route=\/wp\/v2\/posts"}],"about":[{"href":"http:\/\/menina-unterwegs.de\/index.php?rest_route=\/wp\/v2\/types\/post"}],"author":[{"embeddable":true,"href":"http:\/\/menina-unterwegs.de\/index.php?rest_route=\/wp\/v2\/users\/2"}],"replies":[{"embeddable":true,"href":"http:\/\/menina-unterwegs.de\/index.php?rest_route=%2Fwp%2Fv2%2Fcomments&post=799"}],"version-history":[{"count":1,"href":"http:\/\/menina-unterwegs.de\/index.php?rest_route=\/wp\/v2\/posts\/799\/revisions"}],"predecessor-version":[{"id":800,"href":"http:\/\/menina-unterwegs.de\/index.php?rest_route=\/wp\/v2\/posts\/799\/revisions\/800"}],"wp:attachment":[{"href":"http:\/\/menina-unterwegs.de\/index.php?rest_route=%2Fwp%2Fv2%2Fmedia&parent=799"}],"wp:term":[{"taxonomy":"category","embeddable":true,"href":"http:\/\/menina-unterwegs.de\/index.php?rest_route=%2Fwp%2Fv2%2Fcategories&post=799"},{"taxonomy":"post_tag","embeddable":true,"href":"http:\/\/menina-unterwegs.de\/index.php?rest_route=%2Fwp%2Fv2%2Ftags&post=799"}],"curies":[{"name":"wp","href":"https:\/\/api.w.org\/{rel}","templated":true}]}}