{"id":792,"date":"2014-06-15T20:16:14","date_gmt":"2014-06-15T18:16:14","guid":{"rendered":"http:\/\/menina-unterwegs.de\/?p=792"},"modified":"2014-06-15T20:37:37","modified_gmt":"2014-06-15T18:37:37","slug":"tag-80-valencia","status":"publish","type":"post","link":"http:\/\/menina-unterwegs.de\/?p=792","title":{"rendered":"Tag 80. Val\u00e8ncia"},"content":{"rendered":"<p>Heute weniger hei\u00df. Wunderbar. Wir warten trotzdem die Mittagshitze ab, um uns auf den Weg zu machen. Etwas in der Stadt rumlaufen, Kathedrale angucken und einkaufen. Es weht. Julia findet es frisch, ich finde es sehr angenehm. Die Stadt ist voll, obwohl es Sonntag ist. Wir halten am Mercado Central an, der leider geschlossen ist. Aber es gibt eine Art Caf\u00e9, wo wir churros con chocolate und eine &#8222;Horchata&#8220; bestellen. Ich wei\u00df nicht genau, ob das ein Nationalgetr\u00e4nk ist, es hat jedenfalls Geschichte, laut Wikipedia,<br \/>\nund es gibt viele verschiedene Varianten. Wir haben die, die nach rohen Erbsenschoten mit Wasser, Milch und viel viel Zucker schmeckt. Soweit ich wei\u00df ist keine Milch drin, sieht aber so aus. Daf\u00fcr ist die chocolate eher ein Pudding. Wird aber in einer Tasse serviert, was ein Hinweis auf die Art und Weise des Konsums sein k\u00f6nnte. Leider isst niemand in der N\u00e4he etwas \u00e4hnliches, sodass wir nicht abgucken k\u00f6nnen. Sicherheitshalber tunken wir die churros in die chocolate, nippen auch mal an der Tasse und schl\u00fcrfen die Horchata, die wir uns h\u00f6chstwahrscheinlich nicht unbedingt nochmal bestellen werden.<br \/>\nDanach ab in den Supermarkt und dann zu Hause rumgammeln :-). Nachher gehen wir nochmal in die Stadt und gucken was so los ist. Erstmal gibt es eine Tiefk\u00fchllasagne aus der Mikrowelle. Angesichts der blassen Matsche, die die Mikrowelle verl\u00e4sst, ist  Julias &#8222;Guten Appetit&#8220; eher ein hoffnungsvoller Wunsch oder eine dringende Bitte, statt einer feststehenden Tatsache. Gl\u00fccklicherweise gleicht eine steinharte Unterseite (vermutlich eine Lasagneplatte o.\u00e4.) die \u00fcberaus fl\u00fcssigweiche Oberfl\u00e4che aus. Wunderbare Welt der Mikrowellentiefk\u00fchlkost. <\/p>\n<p><a href=\"http:\/\/menina-unterwegs.de\/wp-content\/uploads\/2014\/06\/20140615-201042-72642792.jpg\"><img decoding=\"async\" src=\"http:\/\/menina-unterwegs.de\/wp-content\/uploads\/2014\/06\/20140615-201042-72642792.jpg\" alt=\"20140615-201042-72642792.jpg\" class=\"alignnone size-full\" \/><\/a><\/p>\n<p><a href=\"http:\/\/menina-unterwegs.de\/wp-content\/uploads\/2014\/06\/20140615-201044-72644702.jpg\"><img decoding=\"async\" src=\"http:\/\/menina-unterwegs.de\/wp-content\/uploads\/2014\/06\/20140615-201044-72644702.jpg\" alt=\"20140615-201044-72644702.jpg\" class=\"alignnone size-full\" \/><\/a><\/p>\n<p><a href=\"http:\/\/menina-unterwegs.de\/wp-content\/uploads\/2014\/06\/20140615-201043-72643183.jpg\"><img decoding=\"async\" src=\"http:\/\/menina-unterwegs.de\/wp-content\/uploads\/2014\/06\/20140615-201043-72643183.jpg\" alt=\"20140615-201043-72643183.jpg\" class=\"alignnone size-full\" \/><\/a><\/p>\n<p><a href=\"http:\/\/menina-unterwegs.de\/wp-content\/uploads\/2014\/06\/20140615-201043-72643546.jpg\"><img decoding=\"async\" src=\"http:\/\/menina-unterwegs.de\/wp-content\/uploads\/2014\/06\/20140615-201043-72643546.jpg\" alt=\"20140615-201043-72643546.jpg\" class=\"alignnone size-full\" \/><\/a><\/p>\n<p><a href=\"http:\/\/menina-unterwegs.de\/wp-content\/uploads\/2014\/06\/20140615-201045-72645929.jpg\"><img decoding=\"async\" src=\"http:\/\/menina-unterwegs.de\/wp-content\/uploads\/2014\/06\/20140615-201045-72645929.jpg\" alt=\"20140615-201045-72645929.jpg\" class=\"alignnone size-full\" \/><\/a><\/p>\n<p><a href=\"http:\/\/menina-unterwegs.de\/wp-content\/uploads\/2014\/06\/20140615-201044-72644304.jpg\"><img decoding=\"async\" src=\"http:\/\/menina-unterwegs.de\/wp-content\/uploads\/2014\/06\/20140615-201044-72644304.jpg\" alt=\"20140615-201044-72644304.jpg\" class=\"alignnone size-full\" \/><\/a><\/p>\n<p><a href=\"http:\/\/menina-unterwegs.de\/wp-content\/uploads\/2014\/06\/20140615-201046-72646232.jpg\"><img decoding=\"async\" src=\"http:\/\/menina-unterwegs.de\/wp-content\/uploads\/2014\/06\/20140615-201046-72646232.jpg\" alt=\"20140615-201046-72646232.jpg\" class=\"alignnone size-full\" \/><\/a><\/p>\n<p><a href=\"http:\/\/menina-unterwegs.de\/wp-content\/uploads\/2014\/06\/20140615-201043-72643929.jpg\"><img decoding=\"async\" src=\"http:\/\/menina-unterwegs.de\/wp-content\/uploads\/2014\/06\/20140615-201043-72643929.jpg\" alt=\"20140615-201043-72643929.jpg\" class=\"alignnone size-full\" \/><\/a><\/p>\n<p><a href=\"http:\/\/menina-unterwegs.de\/wp-content\/uploads\/2014\/06\/20140615-201045-72645109.jpg\"><img decoding=\"async\" src=\"http:\/\/menina-unterwegs.de\/wp-content\/uploads\/2014\/06\/20140615-201045-72645109.jpg\" alt=\"20140615-201045-72645109.jpg\" class=\"alignnone size-full\" \/><\/a><\/p>\n","protected":false},"excerpt":{"rendered":"<p>Heute weniger hei\u00df. Wunderbar. Wir warten trotzdem die Mittagshitze ab, um uns auf den Weg zu machen. Etwas in der Stadt rumlaufen, Kathedrale angucken und einkaufen. Es weht. Julia findet es frisch, ich finde es sehr angenehm. Die Stadt ist voll, obwohl es Sonntag ist. Wir halten am Mercado Central an, der leider geschlossen ist. &hellip; <a href=\"http:\/\/menina-unterwegs.de\/?p=792\" class=\"more-link\"><span class=\"screen-reader-text\">Tag 80. Val\u00e8ncia<\/span> weiterlesen <span class=\"meta-nav\">&rarr;<\/span><\/a><\/p>\n","protected":false},"author":2,"featured_media":0,"comment_status":"open","ping_status":"open","sticky":false,"template":"","format":"standard","meta":{"ngg_post_thumbnail":0,"footnotes":""},"categories":[1],"tags":[],"class_list":["post-792","post","type-post","status-publish","format-standard","hentry","category-tour"],"jetpack_featured_media_url":"","_links":{"self":[{"href":"http:\/\/menina-unterwegs.de\/index.php?rest_route=\/wp\/v2\/posts\/792","targetHints":{"allow":["GET"]}}],"collection":[{"href":"http:\/\/menina-unterwegs.de\/index.php?rest_route=\/wp\/v2\/posts"}],"about":[{"href":"http:\/\/menina-unterwegs.de\/index.php?rest_route=\/wp\/v2\/types\/post"}],"author":[{"embeddable":true,"href":"http:\/\/menina-unterwegs.de\/index.php?rest_route=\/wp\/v2\/users\/2"}],"replies":[{"embeddable":true,"href":"http:\/\/menina-unterwegs.de\/index.php?rest_route=%2Fwp%2Fv2%2Fcomments&post=792"}],"version-history":[{"count":2,"href":"http:\/\/menina-unterwegs.de\/index.php?rest_route=\/wp\/v2\/posts\/792\/revisions"}],"predecessor-version":[{"id":794,"href":"http:\/\/menina-unterwegs.de\/index.php?rest_route=\/wp\/v2\/posts\/792\/revisions\/794"}],"wp:attachment":[{"href":"http:\/\/menina-unterwegs.de\/index.php?rest_route=%2Fwp%2Fv2%2Fmedia&parent=792"}],"wp:term":[{"taxonomy":"category","embeddable":true,"href":"http:\/\/menina-unterwegs.de\/index.php?rest_route=%2Fwp%2Fv2%2Fcategories&post=792"},{"taxonomy":"post_tag","embeddable":true,"href":"http:\/\/menina-unterwegs.de\/index.php?rest_route=%2Fwp%2Fv2%2Ftags&post=792"}],"curies":[{"name":"wp","href":"https:\/\/api.w.org\/{rel}","templated":true}]}}