{"id":769,"date":"2014-06-13T21:18:41","date_gmt":"2014-06-13T19:18:41","guid":{"rendered":"http:\/\/menina-unterwegs.de\/?p=769"},"modified":"2014-06-13T21:18:41","modified_gmt":"2014-06-13T19:18:41","slug":"tag-78-valencia","status":"publish","type":"post","link":"http:\/\/menina-unterwegs.de\/?p=769","title":{"rendered":"Tag 78. Val\u00e8ncia"},"content":{"rendered":"<p>Trotz Klimaanlage nicht unbedingt gut geschlafen. Viel zu warm hier. Morgens um halb zehn bringe ich mein Fahrrad zum Check. Es sind schon 31 Grad. Ich wei\u00df, f\u00fcr euch Spanier ist das ein Klacks, aber Julia und ich fallen fast in Ohnmacht, als wir uns auf den Weg machen in die Stadt. Eineinhalb Stunden sp\u00e4ter sind wir bei 37 Grad, wor\u00fcber uns die st\u00e4dtischen Thermometer gerne informieren. Ich wei\u00df gar nicht, ob ich das so genau wissen will. Letzten Endes ist es auch egal, alles was \u00fcber 28 Grad geht ist sowieso zu hei\u00df. Wir kleben fr\u00f6hlich an den Plastikbezugsitzen des &#8222;Bus turistic&#8220; fest, der uns auf Route A erstmal in den historischen Kern der Stadt f\u00fchrt. Kurze Zeit sp\u00e4ter halten wir es nicht mehr aus und ziehen uns in einen Park auf eine schattige Bank zur\u00fcck. Um uns herum wird flei\u00dfig gejoggt, Fahrrad gefahren und auf den \u00f6ffentlichen Fitnessger\u00e4ten geturnt, w\u00e4hrend wir ermattet darniederliegen. Auch hier Ameisen und ich kann Julia mal lustige Experimente mit der Wurst von meinem Bocadillo zeigen. Ich prahle mit meinem Ameisenwissen. Eine ruhmreiche Minute. Ich bin allerdings fixiert auf eine kalte Cola zu meinem Brot und wenig sp\u00e4ter schleppen wir uns zu einem gigantischen &#8222;Carrefour&#8220; Supermarkt. Mit dem Betreten desselben folgt bei mir die automatische Ged\u00e4chtnisl\u00f6schung und ich starre geistlos wie immer auf ger\u00e4ucherte Schweinebeine, Tiefk\u00fchlfisch in Scheiben und lecker aussehende Bl\u00e4tterteigteilchen. Sehr lecker. Zu meiner \u00dcberraschung will Julia so ein Teilchen kaufen und ich hab ausnahmsweise mal gar nichts dagegen. Obst haben wir gestern schon ein wenig gekauft. <\/p>\n<p><a href=\"http:\/\/menina-unterwegs.de\/wp-content\/uploads\/2014\/06\/20140613-210933-76173192.jpg\"><img decoding=\"async\" src=\"http:\/\/menina-unterwegs.de\/wp-content\/uploads\/2014\/06\/20140613-210933-76173192.jpg\" alt=\"20140613-210933-76173192.jpg\" class=\"alignnone size-full\" \/><\/a><br \/>\nDanach wieder in den Park und auf die Bank. Ein Wind kommt auf und ab und zu Wolken. Wir k\u00f6nnen unser Gl\u00fcck kaum fassen und entscheiden uns, wieder in unseren Bus zu steigen, um zum Meer zu kommen. Hier noch etwas wandern und dann nach Hause. Regen w\u00e4re sch\u00f6n. Oder ein arktischer Wind. Auch gehen eine spontane kurzzeit-Eiszeit h\u00e4tten wir nichts einzuwenden. Aber wie das ja immer so ist mit Eiszeiten. Kommen immer nur, wenn man sie gerade nicht gebrauchen kann. Hier noch einige Fotos von unserem Haus und der Stra\u00dfe:<\/p>\n<p><a href=\"http:\/\/menina-unterwegs.de\/wp-content\/uploads\/2014\/06\/20140613-211511-76511409.jpg\"><img decoding=\"async\" src=\"http:\/\/menina-unterwegs.de\/wp-content\/uploads\/2014\/06\/20140613-211511-76511409.jpg\" alt=\"20140613-211511-76511409.jpg\" class=\"alignnone size-full\" \/><\/a><\/p>\n<p><a href=\"http:\/\/menina-unterwegs.de\/wp-content\/uploads\/2014\/06\/20140613-211511-76511768.jpg\"><img decoding=\"async\" src=\"http:\/\/menina-unterwegs.de\/wp-content\/uploads\/2014\/06\/20140613-211511-76511768.jpg\" alt=\"20140613-211511-76511768.jpg\" class=\"alignnone size-full\" \/><\/a><br \/>\nUnd von Val\u00e8ncia:<\/p>\n<p><a href=\"http:\/\/menina-unterwegs.de\/wp-content\/uploads\/2014\/06\/20140613-211610-76570140.jpg\"><img decoding=\"async\" src=\"http:\/\/menina-unterwegs.de\/wp-content\/uploads\/2014\/06\/20140613-211610-76570140.jpg\" alt=\"20140613-211610-76570140.jpg\" class=\"alignnone size-full\" \/><\/a><\/p>\n<p><a href=\"http:\/\/menina-unterwegs.de\/wp-content\/uploads\/2014\/06\/20140613-211609-76569448.jpg\"><img decoding=\"async\" src=\"http:\/\/menina-unterwegs.de\/wp-content\/uploads\/2014\/06\/20140613-211609-76569448.jpg\" alt=\"20140613-211609-76569448.jpg\" class=\"alignnone size-full\" \/><\/a><\/p>\n<p><a href=\"http:\/\/menina-unterwegs.de\/wp-content\/uploads\/2014\/06\/20140613-211609-76569793.jpg\"><img decoding=\"async\" src=\"http:\/\/menina-unterwegs.de\/wp-content\/uploads\/2014\/06\/20140613-211609-76569793.jpg\" alt=\"20140613-211609-76569793.jpg\" class=\"alignnone size-full\" \/><\/a><\/p>\n<p><a href=\"http:\/\/menina-unterwegs.de\/wp-content\/uploads\/2014\/06\/20140613-211609-76569078.jpg\"><img decoding=\"async\" src=\"http:\/\/menina-unterwegs.de\/wp-content\/uploads\/2014\/06\/20140613-211609-76569078.jpg\" alt=\"20140613-211609-76569078.jpg\" class=\"alignnone size-full\" \/><\/a><\/p>\n<p><a href=\"http:\/\/menina-unterwegs.de\/wp-content\/uploads\/2014\/06\/20140613-211610-76570561.jpg\"><img decoding=\"async\" src=\"http:\/\/menina-unterwegs.de\/wp-content\/uploads\/2014\/06\/20140613-211610-76570561.jpg\" alt=\"20140613-211610-76570561.jpg\" class=\"alignnone size-full\" \/><\/a><br \/>\nMehr ging heute nicht. So ein Handy ist wirklich f\u00fcrchterlich schwer, so bei 37 Grad&#8230;<\/p>\n<p><a href=\"http:\/\/menina-unterwegs.de\/wp-content\/uploads\/2014\/06\/20140613-211826-76706419.jpg\"><img decoding=\"async\" src=\"http:\/\/menina-unterwegs.de\/wp-content\/uploads\/2014\/06\/20140613-211826-76706419.jpg\" alt=\"20140613-211826-76706419.jpg\" class=\"alignnone size-full\" \/><\/a><\/p>\n<p><a class=\"geolocation-link\" href=\"#\" id=\"geolocation769\" name=\"39.462099,-0.377891\" onclick=\"return false;\">Posted from here.<\/a><\/p>\n","protected":false},"excerpt":{"rendered":"<p>Trotz Klimaanlage nicht unbedingt gut geschlafen. Viel zu warm hier. Morgens um halb zehn bringe ich mein Fahrrad zum Check. Es sind schon 31 Grad. Ich wei\u00df, f\u00fcr euch Spanier ist das ein Klacks, aber Julia und ich fallen fast in Ohnmacht, als wir uns auf den Weg machen in die Stadt. Eineinhalb Stunden sp\u00e4ter &hellip; <a href=\"http:\/\/menina-unterwegs.de\/?p=769\" class=\"more-link\"><span class=\"screen-reader-text\">Tag 78. Val\u00e8ncia<\/span> weiterlesen <span class=\"meta-nav\">&rarr;<\/span><\/a><\/p>\n","protected":false},"author":2,"featured_media":0,"comment_status":"open","ping_status":"open","sticky":false,"template":"","format":"standard","meta":{"ngg_post_thumbnail":0,"footnotes":""},"categories":[1],"tags":[],"class_list":["post-769","post","type-post","status-publish","format-standard","hentry","category-tour"],"jetpack_featured_media_url":"","_links":{"self":[{"href":"http:\/\/menina-unterwegs.de\/index.php?rest_route=\/wp\/v2\/posts\/769","targetHints":{"allow":["GET"]}}],"collection":[{"href":"http:\/\/menina-unterwegs.de\/index.php?rest_route=\/wp\/v2\/posts"}],"about":[{"href":"http:\/\/menina-unterwegs.de\/index.php?rest_route=\/wp\/v2\/types\/post"}],"author":[{"embeddable":true,"href":"http:\/\/menina-unterwegs.de\/index.php?rest_route=\/wp\/v2\/users\/2"}],"replies":[{"embeddable":true,"href":"http:\/\/menina-unterwegs.de\/index.php?rest_route=%2Fwp%2Fv2%2Fcomments&post=769"}],"version-history":[{"count":1,"href":"http:\/\/menina-unterwegs.de\/index.php?rest_route=\/wp\/v2\/posts\/769\/revisions"}],"predecessor-version":[{"id":770,"href":"http:\/\/menina-unterwegs.de\/index.php?rest_route=\/wp\/v2\/posts\/769\/revisions\/770"}],"wp:attachment":[{"href":"http:\/\/menina-unterwegs.de\/index.php?rest_route=%2Fwp%2Fv2%2Fmedia&parent=769"}],"wp:term":[{"taxonomy":"category","embeddable":true,"href":"http:\/\/menina-unterwegs.de\/index.php?rest_route=%2Fwp%2Fv2%2Fcategories&post=769"},{"taxonomy":"post_tag","embeddable":true,"href":"http:\/\/menina-unterwegs.de\/index.php?rest_route=%2Fwp%2Fv2%2Ftags&post=769"}],"curies":[{"name":"wp","href":"https:\/\/api.w.org\/{rel}","templated":true}]}}