{"id":757,"date":"2014-06-12T19:50:29","date_gmt":"2014-06-12T17:50:29","guid":{"rendered":"http:\/\/menina-unterwegs.de\/?p=757"},"modified":"2014-06-12T19:53:03","modified_gmt":"2014-06-12T17:53:03","slug":"tag-77-nules-valencia","status":"publish","type":"post","link":"http:\/\/menina-unterwegs.de\/?p=757","title":{"rendered":"Tag 77. Nules &#8211; Val\u00e8ncia"},"content":{"rendered":"<p><iframe loading=\"lazy\" width=\"100%\" height=\"450\" frameborder=\"0\" scrolling=\"no\" marginheight=\"0\" marginwidth=\"0\" src=\"http:\/\/www.komoot.de\/tour\/3031608?embed&utm_campaign=wpplugin\"><a href=\"http:\/\/www.komoot.de\/tour\/3031608?utm_campaign=wpplugin\">Tour anzeigen<\/a><\/iframe><\/p>\n<p>Aufstehen um sechs. Die Sonne geht gerade auf, selbst die Ameisen schlafen hier noch. Befl\u00fcgelt h\u00fcpfe ich in die Sanit\u00e4ranlagen und putze Z\u00e4hne etc. Danach schnell das gestern geschmierte Brot (wie kann Brot \u00fcber Nacht so steinhart werden?!) runtergew\u00fcrgt. Speichelproduktion l\u00e4uft auf Hochtouren, um die knochentrockenen Brocken nach unten zu bef\u00f6rdern. Und los. Ich friere fast. Ein selten gewordener Luxus, den ich genie\u00dfe. Ja, h\u00e4tte ich Ende M\u00e4rz auch nicht gedacht. Durch endlose Orangenhaine. Was hier so romantisch, wild und sch\u00f6n klingt, ist es auch fast. Die orange getupfte Plantagenidylle wird nur durch den nicht allzu fernen Hauch von Abgas und Autol\u00e4rm im wahrsten Sinne getr\u00fcbt. Ich ruckele auf sparsam asphaltierten Stra\u00dfen durch die Obstlandschaft, habe aber wenig Sinn daf\u00fcr, denn mein Ziel ist Val\u00e8ncia.<\/p>\n<p><a href=\"http:\/\/menina-unterwegs.de\/wp-content\/uploads\/2014\/06\/20140612-193959-70799776.jpg\"><img decoding=\"async\" src=\"http:\/\/menina-unterwegs.de\/wp-content\/uploads\/2014\/06\/20140612-193959-70799776.jpg\" alt=\"20140612-193959-70799776.jpg\" class=\"alignnone size-full\" \/><\/a><\/p>\n<p>Da komme ich dann auch mal locker 1,5 Stunden zu fr\u00fch an. Warum blo\u00df? frage ich mich und parke am Bahnhof, um auf Julia zu warten. Nat\u00fcrlich muss ich auf Klo und nat\u00fcrlich traue ich mich nicht, mein Fahrrad alleine zu lassen, um zu dem McDonald&#8217;s auf der anderen Stra\u00dfenseite zu gehen. Ich schnappe mir meinen kleinen Hocker und lese. Nach 10 Minuten ist alles unterhalb des Bauchnabels eingeschlafen. Ich stehe auf und stakse herum. Menschen kommen und gehen. Telefonieren und starren mich an. <\/p>\n<p><a href=\"http:\/\/menina-unterwegs.de\/wp-content\/uploads\/2014\/06\/20140612-194312-70992485.jpg\"><img decoding=\"async\" src=\"http:\/\/menina-unterwegs.de\/wp-content\/uploads\/2014\/06\/20140612-194312-70992485.jpg\" alt=\"20140612-194312-70992485.jpg\" class=\"alignnone size-full\" \/><\/a><\/p>\n<p>Da endlich kommt meine Julia und winkt mir fr\u00f6hlich zu, als sei das das normalste der Welt. Ist es irgendwie auch merke ich, als w\u00e4re ich nie weg gewesen. Nur dass wir jetzt in einer anderen Stadt sind und uns die 30 Grad erheblich erm\u00fcden. Julia ist aber auch schon um viertel vor vier (!) aufgestanden. Wir treffen Jos\u00e9 in dem kleinen Appartement. Er ist sehr nett und freut sich dass ich etwas spanisch verstehe. Freundlich sagt er irgendwann dass ich ihm sagen soll, wenn ich etwas nicht verstehe. Ich bin schonmal froh, dass ich das verstanden habe. Paradox. Er verl\u00e4sst uns wieder und kurz danach sehen meine verstreuten Sachen aus, wie aus einer Explosionszeichnung. Wir essen, was ich noch so in meiner Tasche finde und machen uns auf den Weg, zum Rumgucken und Einkaufen. Landen schlie\u00dflich bei McDonald&#8217;s, um ein Eis zu essen und kommen erschlagen wieder am Appartement an. Jetzt etwas ausruhen und dann f\u00fcr morgen planen \ud83d\ude42<\/p>\n<p><a href=\"http:\/\/menina-unterwegs.de\/wp-content\/uploads\/2014\/06\/20140612-194955-71395318.jpg\"><img decoding=\"async\" src=\"http:\/\/menina-unterwegs.de\/wp-content\/uploads\/2014\/06\/20140612-194955-71395318.jpg\" alt=\"20140612-194955-71395318.jpg\" class=\"alignnone size-full\" \/><\/a><\/p>\n<p><a href=\"http:\/\/menina-unterwegs.de\/wp-content\/uploads\/2014\/06\/20140612-194954-71394635.jpg\"><img decoding=\"async\" src=\"http:\/\/menina-unterwegs.de\/wp-content\/uploads\/2014\/06\/20140612-194954-71394635.jpg\" alt=\"20140612-194954-71394635.jpg\" class=\"alignnone size-full\" \/><\/a><\/p>\n<p><a href=\"http:\/\/menina-unterwegs.de\/wp-content\/uploads\/2014\/06\/20140612-194954-71394302.jpg\"><img decoding=\"async\" src=\"http:\/\/menina-unterwegs.de\/wp-content\/uploads\/2014\/06\/20140612-194954-71394302.jpg\" alt=\"20140612-194954-71394302.jpg\" class=\"alignnone size-full\" \/><\/a><\/p>\n<p><a href=\"http:\/\/menina-unterwegs.de\/wp-content\/uploads\/2014\/06\/20140612-194954-71394973.jpg\"><img decoding=\"async\" src=\"http:\/\/menina-unterwegs.de\/wp-content\/uploads\/2014\/06\/20140612-194954-71394973.jpg\" alt=\"20140612-194954-71394973.jpg\" class=\"alignnone size-full\" \/><\/a><\/p>\n<p><a class=\"geolocation-link\" href=\"#\" id=\"geolocation757\" name=\"39.462099,-0.377746\" onclick=\"return false;\">Posted from here.<\/a><\/p>\n","protected":false},"excerpt":{"rendered":"<p>Tour anzeigen Aufstehen um sechs. Die Sonne geht gerade auf, selbst die Ameisen schlafen hier noch. Befl\u00fcgelt h\u00fcpfe ich in die Sanit\u00e4ranlagen und putze Z\u00e4hne etc. Danach schnell das gestern geschmierte Brot (wie kann Brot \u00fcber Nacht so steinhart werden?!) runtergew\u00fcrgt. Speichelproduktion l\u00e4uft auf Hochtouren, um die knochentrockenen Brocken nach unten zu bef\u00f6rdern. Und los. &hellip; <a href=\"http:\/\/menina-unterwegs.de\/?p=757\" class=\"more-link\"><span class=\"screen-reader-text\">Tag 77. Nules &#8211; Val\u00e8ncia<\/span> weiterlesen <span class=\"meta-nav\">&rarr;<\/span><\/a><\/p>\n","protected":false},"author":2,"featured_media":0,"comment_status":"open","ping_status":"open","sticky":false,"template":"","format":"standard","meta":{"ngg_post_thumbnail":0,"footnotes":""},"categories":[1],"tags":[],"class_list":["post-757","post","type-post","status-publish","format-standard","hentry","category-tour"],"jetpack_featured_media_url":"","_links":{"self":[{"href":"http:\/\/menina-unterwegs.de\/index.php?rest_route=\/wp\/v2\/posts\/757","targetHints":{"allow":["GET"]}}],"collection":[{"href":"http:\/\/menina-unterwegs.de\/index.php?rest_route=\/wp\/v2\/posts"}],"about":[{"href":"http:\/\/menina-unterwegs.de\/index.php?rest_route=\/wp\/v2\/types\/post"}],"author":[{"embeddable":true,"href":"http:\/\/menina-unterwegs.de\/index.php?rest_route=\/wp\/v2\/users\/2"}],"replies":[{"embeddable":true,"href":"http:\/\/menina-unterwegs.de\/index.php?rest_route=%2Fwp%2Fv2%2Fcomments&post=757"}],"version-history":[{"count":2,"href":"http:\/\/menina-unterwegs.de\/index.php?rest_route=\/wp\/v2\/posts\/757\/revisions"}],"predecessor-version":[{"id":759,"href":"http:\/\/menina-unterwegs.de\/index.php?rest_route=\/wp\/v2\/posts\/757\/revisions\/759"}],"wp:attachment":[{"href":"http:\/\/menina-unterwegs.de\/index.php?rest_route=%2Fwp%2Fv2%2Fmedia&parent=757"}],"wp:term":[{"taxonomy":"category","embeddable":true,"href":"http:\/\/menina-unterwegs.de\/index.php?rest_route=%2Fwp%2Fv2%2Fcategories&post=757"},{"taxonomy":"post_tag","embeddable":true,"href":"http:\/\/menina-unterwegs.de\/index.php?rest_route=%2Fwp%2Fv2%2Ftags&post=757"}],"curies":[{"name":"wp","href":"https:\/\/api.w.org\/{rel}","templated":true}]}}