{"id":749,"date":"2014-06-11T19:36:44","date_gmt":"2014-06-11T17:36:44","guid":{"rendered":"http:\/\/menina-unterwegs.de\/?p=749"},"modified":"2014-06-11T19:36:44","modified_gmt":"2014-06-11T17:36:44","slug":"tag-76-nules","status":"publish","type":"post","link":"http:\/\/menina-unterwegs.de\/?p=749","title":{"rendered":"Tag 76. Nules"},"content":{"rendered":"<p>Was f\u00fcr ein lahmer Tag. Es ist hei\u00df. Ich bin morgens am Strand. Rein ins Wasser. Raus. Hei\u00df hei\u00df hei\u00df. Wieder rein ins Wasser. So geht das drei Stunden lang, bis die Hitze unertr\u00e4glich wird. Dann mache ich das einzig sinnvolle in dieser Hitze. Ich fahre Fahrrad. In den Geisterort, der aber einen Supermarkt hat. Eigentlich brauche ich nichts, kaufe aber trotzdem allerhand. Gestern gab es Reis mit Corned Beef und Artischockenherzen. Interessant. Nach vier Bissen war ich bis obenhin vollgestopft und unsicher, ob mir die Kombination wirklich so gut gef\u00e4llt, wie ich im Supermarkt gedacht hatte. Um f\u00fcnf wieder ab an den Strand. Diesmal mit Schwimmbrille. Die Saison in der Unterwasserwelt ist wohl auch noch nicht angebrochen, auch hier herrscht g\u00e4hnende Leere, bis auf einige Plastikfetzen, die tr\u00e4ge im Wasser schwimmen. Ich schleppe mich wieder an den Strand auf meine Matte. In dem Ma\u00dfe, in dem die Ameisen mit zunehmender Hitze schneller und aktiver werden, nimmt meine Aktivit\u00e4tslust rapide ab. Den h\u00f6chsten Puls erziele ich mit in der Sonne rumliegen. Meine Gedanken sind bei morgen und den letzten zweieinhalb Monaten. Ich frage mich, was ich am Ende f\u00fcr Erkenntnisse zusammenfassen werde. Auf jeden Fall bin ich zum ersten Mal so braun, dass ich sehen kann, dass ich Pigmentst\u00f6rungen in der N\u00e4he des Kn\u00f6chels habe. Das ist doch schonmal was.<br \/>\nErstmal aber sehe ich Julia morgen und wir verbringen eine sch\u00f6ne Woche zusammen. Julia hat etwas (berechtigte) Sorge vor der Hitze und ich etwas Sorge vor der gro\u00dfen Stadt. Ich bin sehr zuversichtlich, dass wir beides gut \u00fcberstehen werden. <\/p>\n<p><a href=\"http:\/\/menina-unterwegs.de\/wp-content\/uploads\/2014\/06\/20140611-193351-70431462.jpg\"><img decoding=\"async\" src=\"http:\/\/menina-unterwegs.de\/wp-content\/uploads\/2014\/06\/20140611-193351-70431462.jpg\" alt=\"20140611-193351-70431462.jpg\" class=\"alignnone size-full\" \/><\/a><\/p>\n<p><a href=\"http:\/\/menina-unterwegs.de\/wp-content\/uploads\/2014\/06\/20140611-193351-70431799.jpg\"><img decoding=\"async\" src=\"http:\/\/menina-unterwegs.de\/wp-content\/uploads\/2014\/06\/20140611-193351-70431799.jpg\" alt=\"20140611-193351-70431799.jpg\" class=\"alignnone size-full\" \/><\/a><\/p>\n<p><a class=\"geolocation-link\" href=\"#\" id=\"geolocation749\" name=\"39.811579,-0.134038\" onclick=\"return false;\">Posted from here.<\/a><\/p>\n","protected":false},"excerpt":{"rendered":"<p>Was f\u00fcr ein lahmer Tag. Es ist hei\u00df. Ich bin morgens am Strand. Rein ins Wasser. Raus. Hei\u00df hei\u00df hei\u00df. Wieder rein ins Wasser. So geht das drei Stunden lang, bis die Hitze unertr\u00e4glich wird. Dann mache ich das einzig sinnvolle in dieser Hitze. Ich fahre Fahrrad. In den Geisterort, der aber einen Supermarkt hat. &hellip; <a href=\"http:\/\/menina-unterwegs.de\/?p=749\" class=\"more-link\"><span class=\"screen-reader-text\">Tag 76. Nules<\/span> weiterlesen <span class=\"meta-nav\">&rarr;<\/span><\/a><\/p>\n","protected":false},"author":2,"featured_media":0,"comment_status":"open","ping_status":"open","sticky":false,"template":"","format":"standard","meta":{"ngg_post_thumbnail":0,"footnotes":""},"categories":[1],"tags":[],"class_list":["post-749","post","type-post","status-publish","format-standard","hentry","category-tour"],"jetpack_featured_media_url":"","_links":{"self":[{"href":"http:\/\/menina-unterwegs.de\/index.php?rest_route=\/wp\/v2\/posts\/749","targetHints":{"allow":["GET"]}}],"collection":[{"href":"http:\/\/menina-unterwegs.de\/index.php?rest_route=\/wp\/v2\/posts"}],"about":[{"href":"http:\/\/menina-unterwegs.de\/index.php?rest_route=\/wp\/v2\/types\/post"}],"author":[{"embeddable":true,"href":"http:\/\/menina-unterwegs.de\/index.php?rest_route=\/wp\/v2\/users\/2"}],"replies":[{"embeddable":true,"href":"http:\/\/menina-unterwegs.de\/index.php?rest_route=%2Fwp%2Fv2%2Fcomments&post=749"}],"version-history":[{"count":1,"href":"http:\/\/menina-unterwegs.de\/index.php?rest_route=\/wp\/v2\/posts\/749\/revisions"}],"predecessor-version":[{"id":750,"href":"http:\/\/menina-unterwegs.de\/index.php?rest_route=\/wp\/v2\/posts\/749\/revisions\/750"}],"wp:attachment":[{"href":"http:\/\/menina-unterwegs.de\/index.php?rest_route=%2Fwp%2Fv2%2Fmedia&parent=749"}],"wp:term":[{"taxonomy":"category","embeddable":true,"href":"http:\/\/menina-unterwegs.de\/index.php?rest_route=%2Fwp%2Fv2%2Fcategories&post=749"},{"taxonomy":"post_tag","embeddable":true,"href":"http:\/\/menina-unterwegs.de\/index.php?rest_route=%2Fwp%2Fv2%2Ftags&post=749"}],"curies":[{"name":"wp","href":"https:\/\/api.w.org\/{rel}","templated":true}]}}