{"id":735,"date":"2014-06-08T18:55:22","date_gmt":"2014-06-08T16:55:22","guid":{"rendered":"http:\/\/menina-unterwegs.de\/?p=735"},"modified":"2014-06-08T19:01:08","modified_gmt":"2014-06-08T17:01:08","slug":"tag-73-benicarlo-benicassim","status":"publish","type":"post","link":"http:\/\/menina-unterwegs.de\/?p=735","title":{"rendered":"Tag 73. Benicarl\u00f3 &#8211; Benic\u00e0ssim"},"content":{"rendered":"<p><iframe loading=\"lazy\" width=\"100%\" height=\"450\" frameborder=\"0\" scrolling=\"no\" marginheight=\"0\" marginwidth=\"0\" src=\"http:\/\/www.komoot.de\/tour\/2997315?embed&utm_campaign=wpplugin\"><a href=\"http:\/\/www.komoot.de\/tour\/2997315?utm_campaign=wpplugin\">Tour anzeigen<\/a><\/iframe><\/p>\n<p>Kein Spa\u00df heute. Ich habe wenig geschlafen, keine Stunde am St\u00fcck. Insgesamt vielleicht drei. Zu laut auf dem Campingplatz und zu hell.<br \/>\nM\u00fcde qu\u00e4le ich mich die Strecke entlang. Ich halte an einer Tankstelle und tausche mein Wasser aus. <\/p>\n<p><a href=\"http:\/\/menina-unterwegs.de\/wp-content\/uploads\/2014\/06\/20140608-183842-67122128.jpg\"><img decoding=\"async\" src=\"http:\/\/menina-unterwegs.de\/wp-content\/uploads\/2014\/06\/20140608-183842-67122128.jpg\" alt=\"20140608-183842-67122128.jpg\" class=\"alignnone size-full\" \/><\/a><br \/>\nAls ich Pause mache, heule ich beinahe, weil ich so ersch\u00f6pft bin und keine Bank im Schatten finde. Ich bleibe also nicht lange. Weiter geht es durch Plantagen. Orangen, Artischocken (nehme ich jedenfalls an):<\/p>\n<p><a href=\"http:\/\/menina-unterwegs.de\/wp-content\/uploads\/2014\/06\/20140608-184032-67232314.jpg\"><img decoding=\"async\" src=\"http:\/\/menina-unterwegs.de\/wp-content\/uploads\/2014\/06\/20140608-184032-67232314.jpg\" alt=\"20140608-184032-67232314.jpg\" class=\"alignnone size-full\" \/><\/a><\/p>\n<p><a href=\"http:\/\/menina-unterwegs.de\/wp-content\/uploads\/2014\/06\/20140608-184032-67232696.jpg\"><img decoding=\"async\" src=\"http:\/\/menina-unterwegs.de\/wp-content\/uploads\/2014\/06\/20140608-184032-67232696.jpg\" alt=\"20140608-184032-67232696.jpg\" class=\"alignnone size-full\" \/><\/a><br \/>\nUnd Mandeln:<\/p>\n<p><a href=\"http:\/\/menina-unterwegs.de\/wp-content\/uploads\/2014\/06\/20140608-184126-67286887.jpg\"><img decoding=\"async\" src=\"http:\/\/menina-unterwegs.de\/wp-content\/uploads\/2014\/06\/20140608-184126-67286887.jpg\" alt=\"20140608-184126-67286887.jpg\" class=\"alignnone size-full\" \/><\/a><br \/>\nAm Platz angekommen, sagen die mir, dass sie heute schlie\u00dfen. D\u00fcnne Oberfl\u00e4che heute bei mir und kein Spielraum f\u00fcr Probleme. Es gibt aber in der N\u00e4he einen anderen Campingplatz. F\u00fcr meinen Stellplatz in der Gr\u00f6\u00dfe einer zwei Zimmer Wohnung zahle ich 58 Euro f\u00fcr zwei N\u00e4chte. Leider klappt das Zelt aufbauen nicht so, denn ich bekomme die Heringe keinen Zentimeter in den Boden. Man braucht entweder einen Vorschlaghammer oder Arnold Schwarzenegger. Lustigerweise hab ich beides gerade nicht dabei. Kurz bevor ich also einen kompletten Emergency Shutdown aller meiner Systeme in Gang setzen kann, kommt mir ein netter Deutscher von Gegen\u00fcber zu Hilfe. Routiniert bohrt (!) er mit seiner Bohrmaschine die L\u00f6cher f\u00fcr die Heringe in den Boden. Sportlich. Kein Wort davon an der Rezeption, dass man sein Zelt quasi im Boden festschrauben muss. Wir bohren L\u00f6cher f\u00fcr die n\u00f6tigsten Heringe, bevor der Akkubohrer aufgibt. Ich gehe noch an den Strand und gehe ins Wasser. Jetzt muss ich wohl mal was kochen und dann falle ich ins Bett.<\/p>\n<p><a class=\"geolocation-link\" href=\"#\" id=\"geolocation735\" name=\"40.127846,0.160597\" onclick=\"return false;\">Posted from here.<\/a><\/p>\n","protected":false},"excerpt":{"rendered":"<p>Tour anzeigen Kein Spa\u00df heute. Ich habe wenig geschlafen, keine Stunde am St\u00fcck. Insgesamt vielleicht drei. Zu laut auf dem Campingplatz und zu hell. M\u00fcde qu\u00e4le ich mich die Strecke entlang. Ich halte an einer Tankstelle und tausche mein Wasser aus. Als ich Pause mache, heule ich beinahe, weil ich so ersch\u00f6pft bin und keine &hellip; <a href=\"http:\/\/menina-unterwegs.de\/?p=735\" class=\"more-link\"><span class=\"screen-reader-text\">Tag 73. Benicarl\u00f3 &#8211; Benic\u00e0ssim<\/span> weiterlesen <span class=\"meta-nav\">&rarr;<\/span><\/a><\/p>\n","protected":false},"author":2,"featured_media":0,"comment_status":"open","ping_status":"open","sticky":false,"template":"","format":"standard","meta":{"ngg_post_thumbnail":0,"footnotes":""},"categories":[1],"tags":[],"class_list":["post-735","post","type-post","status-publish","format-standard","hentry","category-tour"],"jetpack_featured_media_url":"","_links":{"self":[{"href":"http:\/\/menina-unterwegs.de\/index.php?rest_route=\/wp\/v2\/posts\/735","targetHints":{"allow":["GET"]}}],"collection":[{"href":"http:\/\/menina-unterwegs.de\/index.php?rest_route=\/wp\/v2\/posts"}],"about":[{"href":"http:\/\/menina-unterwegs.de\/index.php?rest_route=\/wp\/v2\/types\/post"}],"author":[{"embeddable":true,"href":"http:\/\/menina-unterwegs.de\/index.php?rest_route=\/wp\/v2\/users\/2"}],"replies":[{"embeddable":true,"href":"http:\/\/menina-unterwegs.de\/index.php?rest_route=%2Fwp%2Fv2%2Fcomments&post=735"}],"version-history":[{"count":4,"href":"http:\/\/menina-unterwegs.de\/index.php?rest_route=\/wp\/v2\/posts\/735\/revisions"}],"predecessor-version":[{"id":739,"href":"http:\/\/menina-unterwegs.de\/index.php?rest_route=\/wp\/v2\/posts\/735\/revisions\/739"}],"wp:attachment":[{"href":"http:\/\/menina-unterwegs.de\/index.php?rest_route=%2Fwp%2Fv2%2Fmedia&parent=735"}],"wp:term":[{"taxonomy":"category","embeddable":true,"href":"http:\/\/menina-unterwegs.de\/index.php?rest_route=%2Fwp%2Fv2%2Fcategories&post=735"},{"taxonomy":"post_tag","embeddable":true,"href":"http:\/\/menina-unterwegs.de\/index.php?rest_route=%2Fwp%2Fv2%2Ftags&post=735"}],"curies":[{"name":"wp","href":"https:\/\/api.w.org\/{rel}","templated":true}]}}