{"id":729,"date":"2014-06-07T19:06:05","date_gmt":"2014-06-07T17:06:05","guid":{"rendered":"http:\/\/menina-unterwegs.de\/?p=729"},"modified":"2014-06-07T19:06:05","modified_gmt":"2014-06-07T17:06:05","slug":"tag-72-benicarlo","status":"publish","type":"post","link":"http:\/\/menina-unterwegs.de\/?p=729","title":{"rendered":"Tag 72. Benicarl\u00f3"},"content":{"rendered":"<p>Kurz und knapp: nichts gewesen heute. Tag am Strand verbracht, kurz die paar Kilometer zu Lidl gefahren und, ganz wie ich es ja gerne mache und gewohnt bin, Klamotten gekauft. Und Corned Beef. Wei\u00df noch nicht, was ich damit anfange, aber ist so eine Kindheitserinnerung. Vielleicht esse ich es einfach aus der Dose.<br \/>\nAuf dem Weg einen Mann gesehen, der haargenau aussieht wie der Komiker Atze Schr\u00f6der. Wieder an den Strand, rein ins Wasser. In den Wellen geplantscht, bis ich keine Lust mehr hatte. Jetzt Abendbrot :-). Hier meine Klamotten heute (die Hose ist neu):<\/p>\n<p><a href=\"http:\/\/menina-unterwegs.de\/wp-content\/uploads\/2014\/06\/20140607-190015-68415998.jpg\"><img decoding=\"async\" src=\"http:\/\/menina-unterwegs.de\/wp-content\/uploads\/2014\/06\/20140607-190015-68415998.jpg\" alt=\"20140607-190015-68415998.jpg\" class=\"alignnone size-full\" \/><\/a><\/p>\n<p><a href=\"http:\/\/menina-unterwegs.de\/wp-content\/uploads\/2014\/06\/20140607-190015-68415689.jpg\"><img decoding=\"async\" src=\"http:\/\/menina-unterwegs.de\/wp-content\/uploads\/2014\/06\/20140607-190015-68415689.jpg\" alt=\"20140607-190015-68415689.jpg\" class=\"alignnone size-full\" \/><\/a><\/p>\n<p><a href=\"http:\/\/menina-unterwegs.de\/wp-content\/uploads\/2014\/06\/20140607-190015-68415357.jpg\"><img decoding=\"async\" src=\"http:\/\/menina-unterwegs.de\/wp-content\/uploads\/2014\/06\/20140607-190015-68415357.jpg\" alt=\"20140607-190015-68415357.jpg\" class=\"alignnone size-full\" \/><\/a><br \/>\nAlso wenn das kein Color Blocking (ein Begriff den ich in Hannover gelernt habe!) ist, dann wei\u00df ich auch nicht. W\u00fcrde euch ja gerne das Gesamtkunstwerk zeigen, aber ich hab dummerweise keine Affenarme. W\u00e4sche gewaschen hab ich auch. Meiner Leine hab ich ja irgendwo die Freiheit geschenkt, also improvisieren. Auch hier verliert man mit der Zeit die Hemmungen. Oder war es das Feingef\u00fchl &#8230; ?<\/p>\n<p><a href=\"http:\/\/menina-unterwegs.de\/wp-content\/uploads\/2014\/06\/20140607-190505-68705654.jpg\"><img decoding=\"async\" src=\"http:\/\/menina-unterwegs.de\/wp-content\/uploads\/2014\/06\/20140607-190505-68705654.jpg\" alt=\"20140607-190505-68705654.jpg\" class=\"alignnone size-full\" \/><\/a><\/p>\n<p><a class=\"geolocation-link\" href=\"#\" id=\"geolocation729\" name=\"40.371937,0.402833\" onclick=\"return false;\">Posted from here.<\/a><\/p>\n","protected":false},"excerpt":{"rendered":"<p>Kurz und knapp: nichts gewesen heute. Tag am Strand verbracht, kurz die paar Kilometer zu Lidl gefahren und, ganz wie ich es ja gerne mache und gewohnt bin, Klamotten gekauft. Und Corned Beef. Wei\u00df noch nicht, was ich damit anfange, aber ist so eine Kindheitserinnerung. Vielleicht esse ich es einfach aus der Dose. Auf dem &hellip; <a href=\"http:\/\/menina-unterwegs.de\/?p=729\" class=\"more-link\"><span class=\"screen-reader-text\">Tag 72. Benicarl\u00f3<\/span> weiterlesen <span class=\"meta-nav\">&rarr;<\/span><\/a><\/p>\n","protected":false},"author":2,"featured_media":0,"comment_status":"open","ping_status":"open","sticky":false,"template":"","format":"standard","meta":{"ngg_post_thumbnail":0,"footnotes":""},"categories":[1],"tags":[],"class_list":["post-729","post","type-post","status-publish","format-standard","hentry","category-tour"],"jetpack_featured_media_url":"","_links":{"self":[{"href":"http:\/\/menina-unterwegs.de\/index.php?rest_route=\/wp\/v2\/posts\/729","targetHints":{"allow":["GET"]}}],"collection":[{"href":"http:\/\/menina-unterwegs.de\/index.php?rest_route=\/wp\/v2\/posts"}],"about":[{"href":"http:\/\/menina-unterwegs.de\/index.php?rest_route=\/wp\/v2\/types\/post"}],"author":[{"embeddable":true,"href":"http:\/\/menina-unterwegs.de\/index.php?rest_route=\/wp\/v2\/users\/2"}],"replies":[{"embeddable":true,"href":"http:\/\/menina-unterwegs.de\/index.php?rest_route=%2Fwp%2Fv2%2Fcomments&post=729"}],"version-history":[{"count":1,"href":"http:\/\/menina-unterwegs.de\/index.php?rest_route=\/wp\/v2\/posts\/729\/revisions"}],"predecessor-version":[{"id":730,"href":"http:\/\/menina-unterwegs.de\/index.php?rest_route=\/wp\/v2\/posts\/729\/revisions\/730"}],"wp:attachment":[{"href":"http:\/\/menina-unterwegs.de\/index.php?rest_route=%2Fwp%2Fv2%2Fmedia&parent=729"}],"wp:term":[{"taxonomy":"category","embeddable":true,"href":"http:\/\/menina-unterwegs.de\/index.php?rest_route=%2Fwp%2Fv2%2Fcategories&post=729"},{"taxonomy":"post_tag","embeddable":true,"href":"http:\/\/menina-unterwegs.de\/index.php?rest_route=%2Fwp%2Fv2%2Ftags&post=729"}],"curies":[{"name":"wp","href":"https:\/\/api.w.org\/{rel}","templated":true}]}}