{"id":723,"date":"2014-06-06T16:31:16","date_gmt":"2014-06-06T14:31:16","guid":{"rendered":"http:\/\/menina-unterwegs.de\/?p=723"},"modified":"2014-06-06T16:31:16","modified_gmt":"2014-06-06T14:31:16","slug":"tag-71-deltebre-benicarlo","status":"publish","type":"post","link":"http:\/\/menina-unterwegs.de\/?p=723","title":{"rendered":"Tag 71.  Deltebre &#8211; Benicarl\u00f3"},"content":{"rendered":"<p><iframe loading=\"lazy\" width=\"100%\" height=\"450\" frameborder=\"0\" scrolling=\"no\" marginheight=\"0\" marginwidth=\"0\" src=\"http:\/\/www.komoot.de\/tour\/tour\/2973643?embed&utm_campaign=wpplugin\"><a href=\"http:\/\/www.komoot.de\/tour\/tour\/2973643?utm_campaign=wpplugin\">Tour anzeigen<\/a><\/iframe><\/p>\n<p>Es geht wieder weiter. Die Strecke die ich gestern gegen den Wind fahren musste, sause ich nun mit R\u00fcckenwind lang. Es duftet nach brackigem Wasser und Schwefel. Zweimal weht mir ein Geruch in die Nase, bei dem sich mein Magen ruckartig vom Fr\u00fchst\u00fcck befreien will. Gl\u00fccklicherweise dauert der Geruch nur Sekunden an. Hab ich so spontan auch noch nicht erlebt.<br \/>\nDie Natur um mich herum lebt in trauter Eintracht. Hier jagen zwei Mini-St\u00f6rche eine M\u00f6we. Dort stolpert eher als dass es fliegt ein Blesshuhn scheinbar grundlos etwas ungeschickt in die B\u00fcsche am Stra\u00dfenrand. Weiter hinten stolziert ein Reiher-\u00e4hnlicher, wei\u00dfer Vogel mit einer nach hinten stehenden Federtolle auf dem Kopf affektiert durch das Reisfeld. Nach und nach nimmt die Einsamkeit ab und Industriegebiete nehmen zu. Als ich an einer Orangenplantage vorbei komme, halte ich und klaue zwei Orangen. Von jetzt an h\u00f6ren die Orangenb\u00e4ume nicht mehr auf. Ich bin nat\u00fcrlich fasziniert und muss mich jedes mal bremsen, um nicht zu bremsen. Haha. Superintelligentes Wortspiel. Ich will jedenfalls noch mehr Orangen klauen, zumal ganz viele auf dem Boden liegen. Aber ich gebe dem nicht nach, vor allem weil neben den B\u00e4umen und mir st\u00e4ndig die dicken LKWs fahren, was sicher nicht unbedingt gesund ist. Am Stra\u00dfenrand sitzen ab und zu Frauen unter Sonnenschirmen. Und weil es so warm ist, haben sie auch nicht so schrecklich viel an. Ich vermute welterfahren, dass es keine Orangenverk\u00e4uferinnen sind &#8230; aber man wei\u00df ja nie. Ich komme gut voran und suche mir einen Sitzplatz am Hafen von Vinar\u00f2s. <\/p>\n<p><a href=\"http:\/\/menina-unterwegs.de\/wp-content\/uploads\/2014\/06\/20140606-161148-58308608.jpg\"><img decoding=\"async\" src=\"http:\/\/menina-unterwegs.de\/wp-content\/uploads\/2014\/06\/20140606-161148-58308608.jpg\" alt=\"20140606-161148-58308608.jpg\" class=\"alignnone size-full\" \/><\/a><\/p>\n<p><a href=\"http:\/\/menina-unterwegs.de\/wp-content\/uploads\/2014\/06\/20140606-161147-58307905.jpg\"><img decoding=\"async\" src=\"http:\/\/menina-unterwegs.de\/wp-content\/uploads\/2014\/06\/20140606-161147-58307905.jpg\" alt=\"20140606-161147-58307905.jpg\" class=\"alignnone size-full\" \/><\/a><\/p>\n<p><a href=\"http:\/\/menina-unterwegs.de\/wp-content\/uploads\/2014\/06\/20140606-161148-58308290.jpg\"><img decoding=\"async\" src=\"http:\/\/menina-unterwegs.de\/wp-content\/uploads\/2014\/06\/20140606-161148-58308290.jpg\" alt=\"20140606-161148-58308290.jpg\" class=\"alignnone size-full\" \/><\/a><\/p>\n<p>Am Campingplatz angekommen, melde ich mich pflichtbewusst erstmal in der Rezeption. Die Empfangsdame hat eine Stimme, die wie ein schlechter Handyempfang klingt. Irgendwie abgehackt und schnarrend. Ich kriege den kleinsten Platz, den ich je hatte. Das Zelt passt drauf und das Fahrrad. In der Nacht werde ich h\u00f6chstwahrscheinlich entweder in die B\u00fcsche fallen, oder \u00fcber die Zeltleinen. Vielleicht auch beides, das suche ich mir dann spontan aus. Als ich &#8222;Zeltleinen&#8220; tippe, will mein Handy daraus &#8222;Zeltlerinnen&#8220; machen. Also wenn ich nicht schon etwas deutsch k\u00f6nnte, w\u00fcrde ich es mit dem Handy ganz sicher super lernen. Was also sind &#8222;Zeltlerinnen&#8220;? Wer hat das eingespeichert? Bin ich eine Zeltlerin?! Wie auch immer, ich dusche und will dann endlich was essen. Dieses Vorhaben setze ich erstmal gr\u00fcndlich in den Sand. <\/p>\n<p><a href=\"http:\/\/menina-unterwegs.de\/wp-content\/uploads\/2014\/06\/20140606-161958-58798083.jpg\"><img decoding=\"async\" src=\"http:\/\/menina-unterwegs.de\/wp-content\/uploads\/2014\/06\/20140606-161958-58798083.jpg\" alt=\"20140606-161958-58798083.jpg\" class=\"alignnone size-full\" \/><\/a><br \/>\nJaha ha. Ich bin heute mal wieder auf einem irrwitzigen Wortwitzh\u00f6henflug.<br \/>\nHier am Strand sind erstaunlich viele alleinstehende Frauen. Naja, die meisten liegen eigentlich eher (ha. &#8230; haha), aber mir ist das irgendwie sympathisch. <\/p>\n<p><a href=\"http:\/\/menina-unterwegs.de\/wp-content\/uploads\/2014\/06\/20140606-162531-59131224.jpg\"><img decoding=\"async\" src=\"http:\/\/menina-unterwegs.de\/wp-content\/uploads\/2014\/06\/20140606-162531-59131224.jpg\" alt=\"20140606-162531-59131224.jpg\" class=\"alignnone size-full\" \/><\/a><br \/>\nAls ich mich in den Sand lege (hab meine Matte vergessen), stelle ich fest, dass die eben beim duschen artig aufgetragene Bodylotion noch nicht so ganz eingezogen ist. So sehe ich also aus wie ein Streuselkuchen. Ja, der Sand liebt mich. Egal, ich bleibe einfach liegen, ich bin satt und m\u00fcde.<\/p>\n<p><a class=\"geolocation-link\" href=\"#\" id=\"geolocation723\" name=\"40.373154,0.405664\" onclick=\"return false;\">Posted from here.<\/a><\/p>\n","protected":false},"excerpt":{"rendered":"<p>Tour anzeigen Es geht wieder weiter. Die Strecke die ich gestern gegen den Wind fahren musste, sause ich nun mit R\u00fcckenwind lang. Es duftet nach brackigem Wasser und Schwefel. Zweimal weht mir ein Geruch in die Nase, bei dem sich mein Magen ruckartig vom Fr\u00fchst\u00fcck befreien will. Gl\u00fccklicherweise dauert der Geruch nur Sekunden an. Hab &hellip; <a href=\"http:\/\/menina-unterwegs.de\/?p=723\" class=\"more-link\"><span class=\"screen-reader-text\">Tag 71.  Deltebre &#8211; Benicarl\u00f3<\/span> weiterlesen <span class=\"meta-nav\">&rarr;<\/span><\/a><\/p>\n","protected":false},"author":2,"featured_media":0,"comment_status":"open","ping_status":"open","sticky":false,"template":"","format":"standard","meta":{"ngg_post_thumbnail":0,"footnotes":""},"categories":[1],"tags":[],"class_list":["post-723","post","type-post","status-publish","format-standard","hentry","category-tour"],"jetpack_featured_media_url":"","_links":{"self":[{"href":"http:\/\/menina-unterwegs.de\/index.php?rest_route=\/wp\/v2\/posts\/723","targetHints":{"allow":["GET"]}}],"collection":[{"href":"http:\/\/menina-unterwegs.de\/index.php?rest_route=\/wp\/v2\/posts"}],"about":[{"href":"http:\/\/menina-unterwegs.de\/index.php?rest_route=\/wp\/v2\/types\/post"}],"author":[{"embeddable":true,"href":"http:\/\/menina-unterwegs.de\/index.php?rest_route=\/wp\/v2\/users\/2"}],"replies":[{"embeddable":true,"href":"http:\/\/menina-unterwegs.de\/index.php?rest_route=%2Fwp%2Fv2%2Fcomments&post=723"}],"version-history":[{"count":1,"href":"http:\/\/menina-unterwegs.de\/index.php?rest_route=\/wp\/v2\/posts\/723\/revisions"}],"predecessor-version":[{"id":724,"href":"http:\/\/menina-unterwegs.de\/index.php?rest_route=\/wp\/v2\/posts\/723\/revisions\/724"}],"wp:attachment":[{"href":"http:\/\/menina-unterwegs.de\/index.php?rest_route=%2Fwp%2Fv2%2Fmedia&parent=723"}],"wp:term":[{"taxonomy":"category","embeddable":true,"href":"http:\/\/menina-unterwegs.de\/index.php?rest_route=%2Fwp%2Fv2%2Fcategories&post=723"},{"taxonomy":"post_tag","embeddable":true,"href":"http:\/\/menina-unterwegs.de\/index.php?rest_route=%2Fwp%2Fv2%2Ftags&post=723"}],"curies":[{"name":"wp","href":"https:\/\/api.w.org\/{rel}","templated":true}]}}