{"id":704,"date":"2014-06-03T17:49:17","date_gmt":"2014-06-03T15:49:17","guid":{"rendered":"http:\/\/menina-unterwegs.de\/?p=704"},"modified":"2014-06-03T17:53:21","modified_gmt":"2014-06-03T15:53:21","slug":"tag-68-lhospitalet-deltebre","status":"publish","type":"post","link":"http:\/\/menina-unterwegs.de\/?p=704","title":{"rendered":"Tag 68. L&#8217;Hospitalet &#8211; Deltebre"},"content":{"rendered":"<p><iframe loading=\"lazy\" width=\"100%\" height=\"450\" frameborder=\"0\" scrolling=\"no\" marginheight=\"0\" marginwidth=\"0\" src=\"http:\/\/www.komoot.de\/tour\/tour\/2950760?embed&utm_campaign=wpplugin\"><a href=\"http:\/\/www.komoot.de\/tour\/tour\/2950760?utm_campaign=wpplugin\">Tour anzeigen<\/a><\/iframe><\/p>\n<p>Gestern Abend habe ich noch Freundschaft mit einer kleinen Katze geschlossen. Das war genau der richtige Tag daf\u00fcr. <\/p>\n<p><a href=\"http:\/\/menina-unterwegs.de\/wp-content\/uploads\/2014\/06\/20140603-172305-62585500.jpg\"><img decoding=\"async\" src=\"http:\/\/menina-unterwegs.de\/wp-content\/uploads\/2014\/06\/20140603-172305-62585500.jpg\" alt=\"20140603-172305-62585500.jpg\" class=\"alignnone size-full\" \/><\/a><\/p>\n<p><a href=\"http:\/\/menina-unterwegs.de\/wp-content\/uploads\/2014\/06\/20140603-172305-62585840.jpg\"><img decoding=\"async\" src=\"http:\/\/menina-unterwegs.de\/wp-content\/uploads\/2014\/06\/20140603-172305-62585840.jpg\" alt=\"20140603-172305-62585840.jpg\" class=\"alignnone size-full\" \/><\/a><\/p>\n<p><a href=\"http:\/\/menina-unterwegs.de\/wp-content\/uploads\/2014\/06\/20140603-172305-62585150.jpg\"><img decoding=\"async\" src=\"http:\/\/menina-unterwegs.de\/wp-content\/uploads\/2014\/06\/20140603-172305-62585150.jpg\" alt=\"20140603-172305-62585150.jpg\" class=\"alignnone size-full\" \/><\/a><br \/>\nWirklich eine kleine S\u00fc\u00dfe. Ihr Vater hat mir daf\u00fcr dann ans Zelt gepinkelt. Dabei war ich nur mal kurz weg. Ich hab das Au\u00dfenzelt nat\u00fcrlich offen gelassen, aber gl\u00fccklicherweise den Eingang vom Innenzelt zu gehabt. Da hat er mir dann eine ordentliche Pf\u00fctze hinterlassen. Ich habe dann recht ausdauernd mit Duschgel den Eingang abgerieben, mit dem Erfolg, dass ich jetzt immerhin einen Duschgel-Katzenpipi Geruch habe, anstatt nur Katzenpipi. Egal, das war die kleine Katze aber auch wert. Ja, man wird mit sowas gelassener, genauso mit dem Vogeldreck auf dem Zelt. Oder dem Sand im Schlafsack. Oder den kleinen Tierchen im Tee, die der Wind in dieses hei\u00dfe Verderben gepustet hat. <\/p>\n<p>Heute bin ich dann aber weiter gefahren. Auf eine Art Halbinsel mit Naturschutzgebiet. Der Weg dahin war nicht wenig windig, aber auch hier bin ich heute gelassener. Ich fahre neben der Autobahn durch die etwas \u00f6de Trockenheit. <\/p>\n<p><a href=\"http:\/\/menina-unterwegs.de\/wp-content\/uploads\/2014\/06\/20140603-173437-63277141.jpg\"><img decoding=\"async\" src=\"http:\/\/menina-unterwegs.de\/wp-content\/uploads\/2014\/06\/20140603-173437-63277141.jpg\" alt=\"20140603-173437-63277141.jpg\" class=\"alignnone size-full\" \/><\/a><\/p>\n<p>Als ich hier durch muss, denke ich noch belustigt, guck mal, Licht am Ende des Tunnels und freue mich noch nachhaltig, dass ich den \u00fcberaus steilen Weg weiter geradeaus durch eine Linkskurve in diesen Tunnel umgehen kann. Die Fr\u00f6hlichkeit wird mir dann schlagartig von einer noch steileren Steigung auf der anderen Seite vom Gesicht gewischt. Hier kann ich nur schieben und in Gedanken \u00fcber mein bl\u00f6des Navi schimpfen. Naja, auch das kriege ich hin und weiter geht es, st\u00e4ndig hoch und runter. <\/p>\n<p><a href=\"http:\/\/menina-unterwegs.de\/wp-content\/uploads\/2014\/06\/20140603-174009-63609256.jpg\"><img decoding=\"async\" src=\"http:\/\/menina-unterwegs.de\/wp-content\/uploads\/2014\/06\/20140603-174009-63609256.jpg\" alt=\"20140603-174009-63609256.jpg\" class=\"alignnone size-full\" \/><\/a><br \/>\nIrgendwann mache ich Pause. <\/p>\n<p><a href=\"http:\/\/menina-unterwegs.de\/wp-content\/uploads\/2014\/06\/20140603-174104-63664845.jpg\"><img decoding=\"async\" src=\"http:\/\/menina-unterwegs.de\/wp-content\/uploads\/2014\/06\/20140603-174104-63664845.jpg\" alt=\"20140603-174104-63664845.jpg\" class=\"alignnone size-full\" \/><\/a><\/p>\n<p><a href=\"http:\/\/menina-unterwegs.de\/wp-content\/uploads\/2014\/06\/20140603-174105-63665315.jpg\"><img decoding=\"async\" src=\"http:\/\/menina-unterwegs.de\/wp-content\/uploads\/2014\/06\/20140603-174105-63665315.jpg\" alt=\"20140603-174105-63665315.jpg\" class=\"alignnone size-full\" \/><\/a><\/p>\n<p>Von da an wird es richtig windig aber flach. Es geht durch Reisfelder mit vielen verschiedenen Vogelarten. Gro\u00dfe Wei\u00dfe, gro\u00dfe Schwarze mit d\u00fcnnen Schn\u00e4beln so lang wie meine Hand, V\u00f6gel die Aussehen wie mini St\u00f6rche. Ich lasse den Wind einfach durch mich hindurchpusten. Das ist jedenfalls der Plan. Aber der Wind scheint da etwas begriffsstutzig zu sein und stemmt sich gegen mich. Was soll&#8217;s. Einfach immer weiter treten. <\/p>\n<p><a href=\"http:\/\/menina-unterwegs.de\/wp-content\/uploads\/2014\/06\/20140603-174448-63888810.jpg\"><img decoding=\"async\" src=\"http:\/\/menina-unterwegs.de\/wp-content\/uploads\/2014\/06\/20140603-174448-63888810.jpg\" alt=\"20140603-174448-63888810.jpg\" class=\"alignnone size-full\" \/><\/a><br \/>\nTja, das war auch schon alles was ich erlebt habe. Der Platz ist nett, der Strand ist breit und fast menschenleer.<br \/>\nIch bekomme einen Plan der Gegend, den ich gerade im Zelt sitzend ausbreite. Jetzt probiert mal einen Plan von ann\u00e4hernd 60&#215;100 cm in einem kleinen ein-Personen Zelt auseinanderzufalten. Ich kn\u00fclle, falte, knicke und am Ende rei\u00dfe ich auch noch aus Versehen. Beim umdrehen klebt mein Arm an der einen Seite fest und rei\u00dfe die eine Seite damit ab. Wie praktisch, jetzt ist der Plan etwas kleiner &#8230; Warum ich das nicht drau\u00dfen mache? Ja, das ist mal eine gute Frage &#8230; Am Ende gucke ich einfach google maps auf meinem Handy an. <\/p>\n<p>Es gibt einen kleinen Supermarkt (wichtig), ich kaufe Obst und jetzt koche ich. Fertig \ud83d\ude42<\/p>\n<p><a class=\"geolocation-link\" href=\"#\" id=\"geolocation704\" name=\"40.649068,0.770124\" onclick=\"return false;\">Posted from here.<\/a><\/p>\n","protected":false},"excerpt":{"rendered":"<p>Tour anzeigen Gestern Abend habe ich noch Freundschaft mit einer kleinen Katze geschlossen. Das war genau der richtige Tag daf\u00fcr. Wirklich eine kleine S\u00fc\u00dfe. Ihr Vater hat mir daf\u00fcr dann ans Zelt gepinkelt. Dabei war ich nur mal kurz weg. Ich hab das Au\u00dfenzelt nat\u00fcrlich offen gelassen, aber gl\u00fccklicherweise den Eingang vom Innenzelt zu gehabt. &hellip; <a href=\"http:\/\/menina-unterwegs.de\/?p=704\" class=\"more-link\"><span class=\"screen-reader-text\">Tag 68. L&#8217;Hospitalet &#8211; Deltebre<\/span> weiterlesen <span class=\"meta-nav\">&rarr;<\/span><\/a><\/p>\n","protected":false},"author":2,"featured_media":0,"comment_status":"open","ping_status":"open","sticky":false,"template":"","format":"standard","meta":{"ngg_post_thumbnail":0,"footnotes":""},"categories":[1],"tags":[],"class_list":["post-704","post","type-post","status-publish","format-standard","hentry","category-tour"],"jetpack_featured_media_url":"","_links":{"self":[{"href":"http:\/\/menina-unterwegs.de\/index.php?rest_route=\/wp\/v2\/posts\/704","targetHints":{"allow":["GET"]}}],"collection":[{"href":"http:\/\/menina-unterwegs.de\/index.php?rest_route=\/wp\/v2\/posts"}],"about":[{"href":"http:\/\/menina-unterwegs.de\/index.php?rest_route=\/wp\/v2\/types\/post"}],"author":[{"embeddable":true,"href":"http:\/\/menina-unterwegs.de\/index.php?rest_route=\/wp\/v2\/users\/2"}],"replies":[{"embeddable":true,"href":"http:\/\/menina-unterwegs.de\/index.php?rest_route=%2Fwp%2Fv2%2Fcomments&post=704"}],"version-history":[{"count":2,"href":"http:\/\/menina-unterwegs.de\/index.php?rest_route=\/wp\/v2\/posts\/704\/revisions"}],"predecessor-version":[{"id":706,"href":"http:\/\/menina-unterwegs.de\/index.php?rest_route=\/wp\/v2\/posts\/704\/revisions\/706"}],"wp:attachment":[{"href":"http:\/\/menina-unterwegs.de\/index.php?rest_route=%2Fwp%2Fv2%2Fmedia&parent=704"}],"wp:term":[{"taxonomy":"category","embeddable":true,"href":"http:\/\/menina-unterwegs.de\/index.php?rest_route=%2Fwp%2Fv2%2Fcategories&post=704"},{"taxonomy":"post_tag","embeddable":true,"href":"http:\/\/menina-unterwegs.de\/index.php?rest_route=%2Fwp%2Fv2%2Ftags&post=704"}],"curies":[{"name":"wp","href":"https:\/\/api.w.org\/{rel}","templated":true}]}}