{"id":689,"date":"2014-06-01T20:36:20","date_gmt":"2014-06-01T18:36:20","guid":{"rendered":"http:\/\/menina-unterwegs.de\/?p=689"},"modified":"2014-06-01T20:36:20","modified_gmt":"2014-06-01T18:36:20","slug":"tag-66-lhospitalet-de-linfant","status":"publish","type":"post","link":"http:\/\/menina-unterwegs.de\/?p=689","title":{"rendered":"Tag 66. L&#8217;Hospitalet de L&#8217;Infant"},"content":{"rendered":"<p>Heute ein sehr ruhiger Tag. Ich hab gestern vergessen die Strecke zu posten. Hier also nachtr\u00e4glich:<\/p>\n<p><iframe loading=\"lazy\" width=\"100%\" height=\"450\" frameborder=\"0\" scrolling=\"no\" marginheight=\"0\" marginwidth=\"0\" src=\"http:\/\/www.komoot.de\/tour\/tour\/2918522?embed&utm_campaign=wpplugin\"><a href=\"http:\/\/www.komoot.de\/tour\/tour\/2918522?utm_campaign=wpplugin\">Tour anzeigen<\/a><\/iframe><\/p>\n<p>Ich bin jetzt bei etwas \u00fcber 2.700km. Ich sch\u00e4tze alles in Allem werden es wohl am Ende 3400km sein. Also 400 mehr als ich gesch\u00e4tzt hatte. Ich bleibe morgen noch hier. Es ist ruhig hier, die Sonne scheint und ich bin dabei mich mit einem Kater anzufreunden. Recht einseitig f\u00fcrchte ich. Ich glaube er will nur meine Chorizo Wurst. Aber Liebe geht ja durch den Magen und ich nehme, was ich kriegen kann. Es ist ein geeigneter Platz hier, um wieder bei mit anzukommen und die restlichen Tage zu genie\u00dfen. Das Nichtstun f\u00e4llt mir schwer. So gut ich auch mit mir alleine und der Einsamkeit klar gekommen bin &#8211; einfach nur rumliegen und lesen oder was auch immer macht mich unruhig. Vielleicht lerne ich das ja noch in den n\u00e4chsten Tagen. Vielleicht werde ich nun aber auch ungeduldig, da ich bald Julia treffe und meine Reise dann fast zuende ist. Jetzt auf einmal kommt mir das so schnell vor. Dabei ist es eine gef\u00fchlte Ewigkeit her, dass ich in Trier war oder morgens mit M\u00fctze und Pullover aus dem Zelt auf eine tauverhangene kalte Wiese geblickt habe und meine Finger vor K\u00e4lte ganz steif waren. Ich kann nicht sagen, ob ich mich nun freue oder traurig bin. Beides vermutlich. Ich m\u00f6chte endlich bekannte Gesichter wieder sehen, meine Frau und meine Familie. Aber ich m\u00f6chte die Tage hier auch noch genie\u00dfen. Aber ich habe ja auch noch ein paar Tage und die Sonne scheint :-). Und zwischen mir und Madrid liegt auch noch ein Gebirge, dass \u00fcberwunden werden will. Ich w\u00fcrde sagen, diese Strecke von Valencia bis Madrid ist die eigentliche Herausforderung. Zumindest k\u00f6rperlich. Na, wird schon \ud83d\ude42<\/p>\n<p><a href=\"http:\/\/menina-unterwegs.de\/wp-content\/uploads\/2014\/06\/20140601-203350-74030509.jpg\"><img decoding=\"async\" src=\"http:\/\/menina-unterwegs.de\/wp-content\/uploads\/2014\/06\/20140601-203350-74030509.jpg\" alt=\"20140601-203350-74030509.jpg\" class=\"alignnone size-full\" \/><\/a><\/p>\n<p><a href=\"http:\/\/menina-unterwegs.de\/wp-content\/uploads\/2014\/06\/20140601-203455-74095031.jpg\"><img decoding=\"async\" src=\"http:\/\/menina-unterwegs.de\/wp-content\/uploads\/2014\/06\/20140601-203455-74095031.jpg\" alt=\"20140601-203455-74095031.jpg\" class=\"alignnone size-full\" \/><\/a><\/p>\n<p><a href=\"http:\/\/menina-unterwegs.de\/wp-content\/uploads\/2014\/06\/20140601-203519-74119535.jpg\"><img decoding=\"async\" src=\"http:\/\/menina-unterwegs.de\/wp-content\/uploads\/2014\/06\/20140601-203519-74119535.jpg\" alt=\"20140601-203519-74119535.jpg\" class=\"alignnone size-full\" \/><\/a><br \/>\nIch glaube ich campe und einem Affenbrotbaum. So schlie\u00dft sich der Kreis \ud83d\ude42<\/p>\n<p><a class=\"geolocation-link\" href=\"#\" id=\"geolocation689\" name=\"40.978440,0.904030\" onclick=\"return false;\">Posted from here.<\/a><\/p>\n","protected":false},"excerpt":{"rendered":"<p>Heute ein sehr ruhiger Tag. Ich hab gestern vergessen die Strecke zu posten. Hier also nachtr\u00e4glich: Tour anzeigen Ich bin jetzt bei etwas \u00fcber 2.700km. Ich sch\u00e4tze alles in Allem werden es wohl am Ende 3400km sein. Also 400 mehr als ich gesch\u00e4tzt hatte. Ich bleibe morgen noch hier. Es ist ruhig hier, die Sonne &hellip; <a href=\"http:\/\/menina-unterwegs.de\/?p=689\" class=\"more-link\"><span class=\"screen-reader-text\">Tag 66. L&#8217;Hospitalet de L&#8217;Infant<\/span> weiterlesen <span class=\"meta-nav\">&rarr;<\/span><\/a><\/p>\n","protected":false},"author":2,"featured_media":0,"comment_status":"open","ping_status":"open","sticky":false,"template":"","format":"standard","meta":{"ngg_post_thumbnail":0,"footnotes":""},"categories":[1],"tags":[],"class_list":["post-689","post","type-post","status-publish","format-standard","hentry","category-tour"],"jetpack_featured_media_url":"","_links":{"self":[{"href":"http:\/\/menina-unterwegs.de\/index.php?rest_route=\/wp\/v2\/posts\/689","targetHints":{"allow":["GET"]}}],"collection":[{"href":"http:\/\/menina-unterwegs.de\/index.php?rest_route=\/wp\/v2\/posts"}],"about":[{"href":"http:\/\/menina-unterwegs.de\/index.php?rest_route=\/wp\/v2\/types\/post"}],"author":[{"embeddable":true,"href":"http:\/\/menina-unterwegs.de\/index.php?rest_route=\/wp\/v2\/users\/2"}],"replies":[{"embeddable":true,"href":"http:\/\/menina-unterwegs.de\/index.php?rest_route=%2Fwp%2Fv2%2Fcomments&post=689"}],"version-history":[{"count":1,"href":"http:\/\/menina-unterwegs.de\/index.php?rest_route=\/wp\/v2\/posts\/689\/revisions"}],"predecessor-version":[{"id":690,"href":"http:\/\/menina-unterwegs.de\/index.php?rest_route=\/wp\/v2\/posts\/689\/revisions\/690"}],"wp:attachment":[{"href":"http:\/\/menina-unterwegs.de\/index.php?rest_route=%2Fwp%2Fv2%2Fmedia&parent=689"}],"wp:term":[{"taxonomy":"category","embeddable":true,"href":"http:\/\/menina-unterwegs.de\/index.php?rest_route=%2Fwp%2Fv2%2Fcategories&post=689"},{"taxonomy":"post_tag","embeddable":true,"href":"http:\/\/menina-unterwegs.de\/index.php?rest_route=%2Fwp%2Fv2%2Ftags&post=689"}],"curies":[{"name":"wp","href":"https:\/\/api.w.org\/{rel}","templated":true}]}}