{"id":677,"date":"2014-05-30T21:49:05","date_gmt":"2014-05-30T19:49:05","guid":{"rendered":"http:\/\/menina-unterwegs.de\/?p=677"},"modified":"2014-05-30T21:49:05","modified_gmt":"2014-05-30T19:49:05","slug":"tag-64-tarragona","status":"publish","type":"post","link":"http:\/\/menina-unterwegs.de\/?p=677","title":{"rendered":"Tag 64. Tarragona"},"content":{"rendered":"<p>Morgens Regen und tags\u00fcber Regen. Ich bin matschig und m\u00fcde. Ich bin in der Nacht aufgestanden um mein Fahrrad einzupacken, als der Regen anfing. Au\u00dferdem habe ich mein Ritual, nachts auf Klo zu gehen nat\u00fcrlich nicht vernachl\u00e4ssigt und jetzt f\u00fchle ich mich, als ob ein G\u00fcterzug durch meinen Kopf gefahren ist. Was daran liegen k\u00f6nnte, dass 30m von meinem Zelt entfernt tats\u00e4chlich G\u00fcterz\u00fcge und Bahnen die Nacht \u00fcber durchfahren. Ich finde das eigentlich nicht so schlimm, aber wenn sie so ranrasen, bekomme ich jedes mal ein ungutes Gef\u00fchl, obwohl ich ja wei\u00df, dass mein Zelt nicht mitten auf den Schienen steht. In der Nacht gucke ich auf meine Wetter app, ein Zwang der sich heimlich in meinen Gewohnheiten etabliert hat. Ich stelle fest, mal wieder, dass es ab elf Uhr vormittags sintflutartige Regenf\u00e4lle geben soll. Davor finden zu diesem Zweck noch zahlreiche \u00dcbungen und ein Warmlaufen statt. Folgerichtig teilen sich fortan irrationale Angst vor den G\u00fcterz\u00fcgen und Nervosit\u00e4t vor dem Regen die Nacht. Morgens esse ich M\u00fcsli im Zelt. Als um elf die Apokalypse losbrechen soll, schiebt sich statt dessen die Sonne vor die Wolken. Aus den \u00fcberaus heftigen Regenf\u00e4llen wird nur noch ein m\u00fcdes geniesel hin und wieder, was meine App auch schnell korrigiert. <\/p>\n<p>Ich lege mich an den Strand und schlafe etwas, bevor ich um zwei beschlie\u00dfe zu kochen. Hab ich l\u00e4nger nicht gemacht. Ein Springspinne springt auf mich und das Zelt zu. Ich schnipse sie weg, nur um sie wenige Minuten wieder da zu haben. Wir hatten gestern schon Bekanntschaft geschlossen und jetzt wird sie mir langsam zu aufdringlich. Energisch schubse ich sie nach und nach 5m weiter. Schon im weggehen sehe ich, dass sie sich wieder in meine Richtung dreht. Da jetzt aber die kartoffeln unerwartet schnell kochen, verliere ich sie aus den Augen. Ich vermute, sie hopst jetzt von hinten an mich ran. Oder von oben \u00fcber das Zelt. Kartoffeln sind fertig und ich schnappe mir meinen Hackburger, als ich sie am Zelteingang rumfummeln sehe. Jetzt hab ich die Schnauze voll und sage ihr unverbl\u00fcmt dass sie ein nerviges Mistding ist. Beleidigt krabbelt sie jetzt Unters Zelt. Ich frage mich wo sie als n\u00e4chstes auftaucht. Ah ja, sie h\u00e4ngt jetzt an meinem Nachtisch. Ich aber auch und so bringe ich sie jetzt Richtung G\u00fcterz\u00fcge und hoffe dass sie den R\u00fcckweg nicht wieder findet. <\/p>\n<p>Es regnet noch den ganzen Tag \u00fcber immer mal wieder und ich verd\u00f6del ihn abwechselnd im Zelt und am Strand. Ein recht ereignisloser Tag.<\/p>\n<p><a class=\"geolocation-link\" href=\"#\" id=\"geolocation677\" name=\"41.141756,1.306209\" onclick=\"return false;\">Posted from here.<\/a><\/p>\n","protected":false},"excerpt":{"rendered":"<p>Morgens Regen und tags\u00fcber Regen. Ich bin matschig und m\u00fcde. Ich bin in der Nacht aufgestanden um mein Fahrrad einzupacken, als der Regen anfing. Au\u00dferdem habe ich mein Ritual, nachts auf Klo zu gehen nat\u00fcrlich nicht vernachl\u00e4ssigt und jetzt f\u00fchle ich mich, als ob ein G\u00fcterzug durch meinen Kopf gefahren ist. Was daran liegen k\u00f6nnte, &hellip; <a href=\"http:\/\/menina-unterwegs.de\/?p=677\" class=\"more-link\"><span class=\"screen-reader-text\">Tag 64. Tarragona<\/span> weiterlesen <span class=\"meta-nav\">&rarr;<\/span><\/a><\/p>\n","protected":false},"author":2,"featured_media":0,"comment_status":"open","ping_status":"open","sticky":false,"template":"","format":"standard","meta":{"ngg_post_thumbnail":0,"footnotes":""},"categories":[1],"tags":[],"class_list":["post-677","post","type-post","status-publish","format-standard","hentry","category-tour"],"jetpack_featured_media_url":"","_links":{"self":[{"href":"http:\/\/menina-unterwegs.de\/index.php?rest_route=\/wp\/v2\/posts\/677","targetHints":{"allow":["GET"]}}],"collection":[{"href":"http:\/\/menina-unterwegs.de\/index.php?rest_route=\/wp\/v2\/posts"}],"about":[{"href":"http:\/\/menina-unterwegs.de\/index.php?rest_route=\/wp\/v2\/types\/post"}],"author":[{"embeddable":true,"href":"http:\/\/menina-unterwegs.de\/index.php?rest_route=\/wp\/v2\/users\/2"}],"replies":[{"embeddable":true,"href":"http:\/\/menina-unterwegs.de\/index.php?rest_route=%2Fwp%2Fv2%2Fcomments&post=677"}],"version-history":[{"count":1,"href":"http:\/\/menina-unterwegs.de\/index.php?rest_route=\/wp\/v2\/posts\/677\/revisions"}],"predecessor-version":[{"id":678,"href":"http:\/\/menina-unterwegs.de\/index.php?rest_route=\/wp\/v2\/posts\/677\/revisions\/678"}],"wp:attachment":[{"href":"http:\/\/menina-unterwegs.de\/index.php?rest_route=%2Fwp%2Fv2%2Fmedia&parent=677"}],"wp:term":[{"taxonomy":"category","embeddable":true,"href":"http:\/\/menina-unterwegs.de\/index.php?rest_route=%2Fwp%2Fv2%2Fcategories&post=677"},{"taxonomy":"post_tag","embeddable":true,"href":"http:\/\/menina-unterwegs.de\/index.php?rest_route=%2Fwp%2Fv2%2Ftags&post=677"}],"curies":[{"name":"wp","href":"https:\/\/api.w.org\/{rel}","templated":true}]}}