{"id":675,"date":"2014-05-29T18:14:49","date_gmt":"2014-05-29T16:14:49","guid":{"rendered":"http:\/\/menina-unterwegs.de\/?p=675"},"modified":"2014-05-29T18:14:49","modified_gmt":"2014-05-29T16:14:49","slug":"tag-63-sitges-tarragona","status":"publish","type":"post","link":"http:\/\/menina-unterwegs.de\/?p=675","title":{"rendered":"Tag 63. Sitges &#8211; Tarragona"},"content":{"rendered":"<p><iframe loading=\"lazy\" width=\"100%\" height=\"450\" frameborder=\"0\" scrolling=\"no\" marginheight=\"0\" marginwidth=\"0\" src=\"http:\/\/www.komoot.de\/tour\/tour\/2898198?embed&utm_campaign=wpplugin\"><a href=\"http:\/\/www.komoot.de\/tour\/tour\/2898198?utm_campaign=wpplugin\">Tour anzeigen<\/a><\/iframe><br \/>\nRegen. Best\u00e4ndig. Egal.<br \/>\nIch habe endlich mein erstes l\u00e4ngeres Gespr\u00e4ch mit einem<br \/>\nechten Spanier, der sich sehr f\u00fcr meine Fahrradtaschen interessiert. Er will sich n\u00e4mlich auch welche kaufen. Ich lobe sie gewohnt wortgewand mit meinen 5-10 spanischen W\u00f6rtern, die restlichen S\u00e4tze sind mehr L\u00fcckens\u00e4tze wie in einem spanisch Arbeitsbuch. Gl\u00fccklicherweise ist das Thema nicht allzu kompliziert, sodass er die L\u00fccken gut f\u00fcllen kann, worauf ich immer &#8222;si&#8220; sage und hoffe, dass ich nicht zu eifrig klinge. Als er mich fragt wieviel Liter Volumen so eine Tasche hat, muss ich passen und sage statt dessen, dass viel reinpasst und sie dann sehr schwer sind. Ja, ich glaube soweit hat er sich das schon selber gedacht, wie ich an seinem Gesichtsausdruck erkenne. Schnell f\u00fcge ich noch hinzu, dass es sie auch noch in kleiner gibt. &#8222;Siiiiii&#8220; sagt er gedehnt. Wir plaudern noch etwas in einer Art multiple Choice Gespr\u00e4ch in dem er mir Vorschl\u00e4ge f\u00fcr W\u00f6rter macht und ich mir ein passendes aussuche. Jedenfalls hoffe ich dass sie passen.<br \/>\nDann geht es los und meine Beine sind m\u00fcde. Wieso eigentlich, ich hatte frei und hab gestern fast nichts gemacht und die Beine eigentlich nur benutzt um auf Klo zu gehen. Egal. Ich fahre durch Orte die menschenleer sind. Alle Jalousien sind runtergezogen und kein Auto auf den Stra\u00dfen. Fast schon unheimlich. <\/p>\n<p><a href=\"http:\/\/menina-unterwegs.de\/wp-content\/uploads\/2014\/05\/20140529-175643-64603446.jpg\"><img decoding=\"async\" src=\"http:\/\/menina-unterwegs.de\/wp-content\/uploads\/2014\/05\/20140529-175643-64603446.jpg\" alt=\"20140529-175643-64603446.jpg\" class=\"alignnone size-full\" \/><\/a><br \/>\nIch halte an einem Kiosk, weil ich mir da eine Frankfurter Allgemeine zugewunken hat (irgendwas haben die Spanier mit Frankfurt, f\u00e4llt mir dazu gerade ein. Ich habe schon mindesten 5 Bars gesehen, die &#8222;Frankfurt&#8220; hie\u00dfen). Nach dem Kauf der Zeitung gehe ich nochmal mutig zu der netten Verk\u00e4uferin und frage sie, warum die ganzen Wohnungen leer sind. Sie antwortet mir sehr langsam mit einer lehrbuchartigen Aufz\u00e4hlung. Sch\u00f6n deutlich und langsam. Ich verstehe jedes Wort und bin begeistert. Ich bin sicher, dass sie eigentlich Lehrerin ist, ihr Tonfall ist unverkennbar und ich sage am Ende ihrer Erkl\u00e4rung artig &#8222;ich verstehe&#8220; und &#8222;vielen Dank&#8220;. Es sind also haupts\u00e4chlich Ferienwohnungen (erstens) und es ist noch Nebensaison (zweitens) und viele haben die Wohnungen verkauft und es finden sich keine K\u00e4ufer, weil keiner Geld hat (drittens). Tats\u00e4chlich sehe ich an vielen Wohnungen ein &#8222;se vende&#8220; Schild. Ich genie\u00dfe aber die Ruhe und sie wenigen Menschen. Au\u00dferdem muss ich hier nicht die ganze Zeit Abgase einatmen. Ein Strand mit Promenade kommt in Sicht, an dem ich Pause mache. <\/p>\n<p><a href=\"http:\/\/menina-unterwegs.de\/wp-content\/uploads\/2014\/05\/20140529-180501-65101184.jpg\"><img decoding=\"async\" src=\"http:\/\/menina-unterwegs.de\/wp-content\/uploads\/2014\/05\/20140529-180501-65101184.jpg\" alt=\"20140529-180501-65101184.jpg\" class=\"alignnone size-full\" \/><\/a><br \/>\nEin \u00e4lterer Herr sitzt auf einer Bank und liest Zeitung. Ich tue es ihm gleich und trinke dazu auch noch Tee. Wir gucken uns an und l\u00e4cheln uns zu. Da f\u00e4ngt es an zu regnen. Andere Leute holen ihre Regenschirme raus oder fl\u00fcchten. Wir bleiben einfach sitzen. In stillem Einvernehmen. Wir Zeitungsleser sind eben aus anderem Holz gemacht als solche Regenschirmtr\u00e4ger. Da h\u00f6rt es auch schon wieder auf und die Sonne kommt sogar raus. Ich gucke auf und begegne dem Blick meines Bruders im Geiste. Ich nicke und er nickt zur\u00fcck. Wir Zeitungsleser wissen eben, dass Warten sich immer lohnt. Irgendwann muss ich weiter und sage freundlich &#8222;Adios&#8220; zu dem Herren, was er mir ebenso freundlich zur\u00fcck gibt. So eine einfache und stille Kommunikation. Wunderbar.<br \/>\nJetzt sitze ich am Strand, nachdem ich mein Zelt mal wieder zwischen lauter Dauercampern aufgebaut habe, wovon die wenigsten anwesend sind. Ich freue mich nach wie vor sehr \u00fcber meine McDonald&#8217;s Flipflops. Ja, was man nicht alles zu sch\u00e4tzen lernt und wor\u00fcber man sich nicht alles freuen kann auf so einer Reise. <\/p>\n<p><a href=\"http:\/\/menina-unterwegs.de\/wp-content\/uploads\/2014\/05\/20140529-181425-65665327.jpg\"><img decoding=\"async\" src=\"http:\/\/menina-unterwegs.de\/wp-content\/uploads\/2014\/05\/20140529-181425-65665327.jpg\" alt=\"20140529-181425-65665327.jpg\" class=\"alignnone size-full\" \/><\/a><\/p>\n<p><a class=\"geolocation-link\" href=\"#\" id=\"geolocation675\" name=\"41.121836,1.276627\" onclick=\"return false;\">Posted from here.<\/a><\/p>\n","protected":false},"excerpt":{"rendered":"<p>Tour anzeigen Regen. Best\u00e4ndig. Egal. Ich habe endlich mein erstes l\u00e4ngeres Gespr\u00e4ch mit einem echten Spanier, der sich sehr f\u00fcr meine Fahrradtaschen interessiert. Er will sich n\u00e4mlich auch welche kaufen. Ich lobe sie gewohnt wortgewand mit meinen 5-10 spanischen W\u00f6rtern, die restlichen S\u00e4tze sind mehr L\u00fcckens\u00e4tze wie in einem spanisch Arbeitsbuch. Gl\u00fccklicherweise ist das Thema &hellip; <a href=\"http:\/\/menina-unterwegs.de\/?p=675\" class=\"more-link\"><span class=\"screen-reader-text\">Tag 63. Sitges &#8211; Tarragona<\/span> weiterlesen <span class=\"meta-nav\">&rarr;<\/span><\/a><\/p>\n","protected":false},"author":2,"featured_media":0,"comment_status":"open","ping_status":"open","sticky":false,"template":"","format":"standard","meta":{"ngg_post_thumbnail":0,"footnotes":""},"categories":[1],"tags":[],"class_list":["post-675","post","type-post","status-publish","format-standard","hentry","category-tour"],"jetpack_featured_media_url":"","_links":{"self":[{"href":"http:\/\/menina-unterwegs.de\/index.php?rest_route=\/wp\/v2\/posts\/675","targetHints":{"allow":["GET"]}}],"collection":[{"href":"http:\/\/menina-unterwegs.de\/index.php?rest_route=\/wp\/v2\/posts"}],"about":[{"href":"http:\/\/menina-unterwegs.de\/index.php?rest_route=\/wp\/v2\/types\/post"}],"author":[{"embeddable":true,"href":"http:\/\/menina-unterwegs.de\/index.php?rest_route=\/wp\/v2\/users\/2"}],"replies":[{"embeddable":true,"href":"http:\/\/menina-unterwegs.de\/index.php?rest_route=%2Fwp%2Fv2%2Fcomments&post=675"}],"version-history":[{"count":1,"href":"http:\/\/menina-unterwegs.de\/index.php?rest_route=\/wp\/v2\/posts\/675\/revisions"}],"predecessor-version":[{"id":676,"href":"http:\/\/menina-unterwegs.de\/index.php?rest_route=\/wp\/v2\/posts\/675\/revisions\/676"}],"wp:attachment":[{"href":"http:\/\/menina-unterwegs.de\/index.php?rest_route=%2Fwp%2Fv2%2Fmedia&parent=675"}],"wp:term":[{"taxonomy":"category","embeddable":true,"href":"http:\/\/menina-unterwegs.de\/index.php?rest_route=%2Fwp%2Fv2%2Fcategories&post=675"},{"taxonomy":"post_tag","embeddable":true,"href":"http:\/\/menina-unterwegs.de\/index.php?rest_route=%2Fwp%2Fv2%2Ftags&post=675"}],"curies":[{"name":"wp","href":"https:\/\/api.w.org\/{rel}","templated":true}]}}