{"id":666,"date":"2014-05-27T18:01:10","date_gmt":"2014-05-27T16:01:10","guid":{"rendered":"http:\/\/menina-unterwegs.de\/?p=666"},"modified":"2014-05-27T18:01:10","modified_gmt":"2014-05-27T16:01:10","slug":"tag-61-barcelona-sitges","status":"publish","type":"post","link":"http:\/\/menina-unterwegs.de\/?p=666","title":{"rendered":"Tag 61. Barcelona &#8211; Sitges"},"content":{"rendered":"<p><iframe loading=\"lazy\" width=\"100%\" height=\"450\" frameborder=\"0\" scrolling=\"no\" marginheight=\"0\" marginwidth=\"0\" src=\"http:\/\/www.komoot.de\/tour\/tour\/2881967?embed&utm_campaign=wpplugin\"><a href=\"http:\/\/www.komoot.de\/tour\/tour\/2881967?utm_campaign=wpplugin\">Tour anzeigen<\/a><\/iframe><\/p>\n<p>Die Tour heute war eigentlich nicht der Rede wert, au\u00dfer etwas hoch und runter, aber so bleibe ich in \u00dcbung. Ich  verlasse also das Hotel und mache mich auf den Weg. Ich fahre noch durch barcelonesische Vororte und dann in ein paar Berge. Viele Rennradfahrer, die nicht wissen ob sie mich gr\u00fc\u00dfen sollen oder nicht. Manche nicken, heben die Hand, manche machen beides zusammen. Ich nicke und winke eifrig zur\u00fcck &#8211; soweit ich es riskieren kann, eine Hand vom Lenker zu nehmen. Es fahren ohne Pause Autos an mir vorbei, ich kann schon fast die Marke am Abgasgeruch erkennen. Nein, so schlimm ist es noch nicht &#8211; aber bald. Ich hatte mir die Strecke vorher angeguckt und die kleinen H\u00fcgel in der H\u00f6henangabe gesehen. Ich fahre den Berg hoch und denke &#8222;waren das jetzt schon die 200m? Wow, ich werde immer besser&#8220;. Noch berauscht von meinem m\u00fchelosen H\u00f6henflug sehe ich weiter vorne den richtigen Anstieg. Wieder drauf reingefallen, ich glaube das passiert mir jedes Mal. Aber so schlimm ist es nicht. Bei der Abfahrt klingt meine Bremse ein wenig wie ein aufgeregter Spatzenschwarm. &#8222;Also, bis Valencia muss jetzt alles halten&#8220; beschw\u00f6re ich mein Rad. Gibt es einen Heiligen f\u00fcr Fahrradfahrer?<br \/>\nDer Platz ist klein, aber nett. Ich teile meinen Stellplatz mit einem Ameisenvolk, die sicherlich den ganzen Platz untergraben haben. Ich gehe erstmal in den Ort. Hier herrscht ein sehen-und-gesehen-werden. Au\u00dferdem ein deutlicher M\u00e4nner\u00fcberschuss (das finden die M\u00e4nner aber nicht schlimm, glaube ich &#8230;!), dazwischen aber auch ein paar Familien und Rentner. Ich finde weiter weg einen ruhigen Strand und platziere mich da. Super, man kann hier Liegen mieten. F\u00fcr f\u00fcnf Euro. Und wenn man was \u00dcberdachtes will, nur vier Euro mehr. Ich merke, dass ich anscheinend kein Strandurlauber bin, denn sowas ist mir neu. Auch die unerm\u00fcdlichen Getr\u00e4nkeverk\u00e4ufer, die mit Umh\u00e4ngetaschen den Strand ablaufen. Oder die asiatisch aussehenden Frauen, die eine Massage anbieten. Wer macht denn sowas, denke ich und prompt l\u00e4sst sich eine Amerikanerin neben mir darauf ein. <\/p>\n<p><a href=\"http:\/\/menina-unterwegs.de\/wp-content\/uploads\/2014\/05\/20140527-175630-64590566.jpg\"><img decoding=\"async\" src=\"http:\/\/menina-unterwegs.de\/wp-content\/uploads\/2014\/05\/20140527-175630-64590566.jpg\" alt=\"20140527-175630-64590566.jpg\" class=\"alignnone size-full\" \/><\/a><\/p>\n<p><a href=\"http:\/\/menina-unterwegs.de\/wp-content\/uploads\/2014\/05\/20140527-175630-64590198.jpg\"><img decoding=\"async\" src=\"http:\/\/menina-unterwegs.de\/wp-content\/uploads\/2014\/05\/20140527-175630-64590198.jpg\" alt=\"20140527-175630-64590198.jpg\" class=\"alignnone size-full\" \/><\/a><br \/>\nLangsam wird es windiger und ich fr\u00f6stele. Ich habe den Eindruck ich passe mich den S\u00fcdeurop\u00e4ern an, die noch bei 20 Grad mit Schal und ! Daunenjacke rumlaufen. Ich verweichliche&#8230; ausser nat\u00fcrlich an den Beinen. Ich mache mich zur\u00fcck auf den Weg zum Platz. Ich muss noch alles vorbereiten f\u00fcr den Regen morgen \ud83d\ude42<\/p>\n<p><a class=\"geolocation-link\" href=\"#\" id=\"geolocation666\" name=\"41.227804,1.791443\" onclick=\"return false;\">Posted from here.<\/a><\/p>\n","protected":false},"excerpt":{"rendered":"<p>Tour anzeigen Die Tour heute war eigentlich nicht der Rede wert, au\u00dfer etwas hoch und runter, aber so bleibe ich in \u00dcbung. Ich verlasse also das Hotel und mache mich auf den Weg. Ich fahre noch durch barcelonesische Vororte und dann in ein paar Berge. Viele Rennradfahrer, die nicht wissen ob sie mich gr\u00fc\u00dfen sollen &hellip; <a href=\"http:\/\/menina-unterwegs.de\/?p=666\" class=\"more-link\"><span class=\"screen-reader-text\">Tag 61. Barcelona &#8211; Sitges<\/span> weiterlesen <span class=\"meta-nav\">&rarr;<\/span><\/a><\/p>\n","protected":false},"author":2,"featured_media":0,"comment_status":"open","ping_status":"open","sticky":false,"template":"","format":"standard","meta":{"ngg_post_thumbnail":0,"footnotes":""},"categories":[1],"tags":[],"class_list":["post-666","post","type-post","status-publish","format-standard","hentry","category-tour"],"jetpack_featured_media_url":"","_links":{"self":[{"href":"http:\/\/menina-unterwegs.de\/index.php?rest_route=\/wp\/v2\/posts\/666","targetHints":{"allow":["GET"]}}],"collection":[{"href":"http:\/\/menina-unterwegs.de\/index.php?rest_route=\/wp\/v2\/posts"}],"about":[{"href":"http:\/\/menina-unterwegs.de\/index.php?rest_route=\/wp\/v2\/types\/post"}],"author":[{"embeddable":true,"href":"http:\/\/menina-unterwegs.de\/index.php?rest_route=\/wp\/v2\/users\/2"}],"replies":[{"embeddable":true,"href":"http:\/\/menina-unterwegs.de\/index.php?rest_route=%2Fwp%2Fv2%2Fcomments&post=666"}],"version-history":[{"count":1,"href":"http:\/\/menina-unterwegs.de\/index.php?rest_route=\/wp\/v2\/posts\/666\/revisions"}],"predecessor-version":[{"id":667,"href":"http:\/\/menina-unterwegs.de\/index.php?rest_route=\/wp\/v2\/posts\/666\/revisions\/667"}],"wp:attachment":[{"href":"http:\/\/menina-unterwegs.de\/index.php?rest_route=%2Fwp%2Fv2%2Fmedia&parent=666"}],"wp:term":[{"taxonomy":"category","embeddable":true,"href":"http:\/\/menina-unterwegs.de\/index.php?rest_route=%2Fwp%2Fv2%2Fcategories&post=666"},{"taxonomy":"post_tag","embeddable":true,"href":"http:\/\/menina-unterwegs.de\/index.php?rest_route=%2Fwp%2Fv2%2Ftags&post=666"}],"curies":[{"name":"wp","href":"https:\/\/api.w.org\/{rel}","templated":true}]}}