{"id":613,"date":"2014-05-23T14:21:35","date_gmt":"2014-05-23T12:21:35","guid":{"rendered":"http:\/\/menina-unterwegs.de\/?p=613"},"modified":"2014-05-23T18:02:35","modified_gmt":"2014-05-23T16:02:35","slug":"tag-57-tossa-de-mar-barcelona","status":"publish","type":"post","link":"http:\/\/menina-unterwegs.de\/?p=613","title":{"rendered":"Tag 57. Tossa de Mar &#8211; Barcelona"},"content":{"rendered":"<p><iframe loading=\"lazy\" width=\"100%\" height=\"450\" frameborder=\"0\" scrolling=\"no\" marginheight=\"0\" marginwidth=\"0\" src=\"http:\/\/www.komoot.de\/tour\/etappe-36-tossa-de-mar-barcelona\/2301887?embed&utm_campaign=wpplugin\"><a href=\"http:\/\/www.komoot.de\/tour\/etappe-36-tossa-de-mar-barcelona\/2301887?utm_campaign=wpplugin\">Tour anzeigen<\/a><\/iframe><\/p>\n<p>Qu\u00e4lerei. Nach vier Stunden ununterbrochen fahren ist der Akku leer. Die Berge und der Wind haben mich unter sich aufgeteilt. Seit \u00fcber einer Stunde kann ich nicht mehr. Muss aber noch was schaffen, sonst ist der zweite Teil zu lang. Irgendwann l\u00e4sst mich die Stra\u00dfe nicht mehr los. Es gibt keine M\u00f6glichkeit an den Strand zu kommen. Mir tut alles weh. Linker Fu\u00df (ok, hab ich umgeknickt, gestern, peinlich), rechtes Knie, R\u00fccken und der Kopf platzt bestimmt bald, solche Kopfschmerzen hab ich. Jedes mal wenn ich runter auf mein Navi gucke, knackt mein Nacken. Ich werde marode. Irgendwann sehe ich einen Parkplatz und dahinter eine Bank vor einem Wohngebiet. Ist mir egal wie es da aussieht, den Anspruch eines sch\u00f6nen Rastplatzes hab ich l\u00e4ngst aufgegeben. Auf dem Weg noch in den Bergen merke ich den Wind nicht so, daf\u00fcr aber die Berge. Ich fahre so langsam, dass die Eidechse, an der ich vorbei fahre, nur den Kopf dreht und sich nicht die M\u00fche macht wegzuhuschen. Ich versuche vergeblich einen Schmetterling zu \u00fcberholen. Daf\u00fcr \u00fcberholen mich diverse schicke Rennradfahrer, die alle solche eng anliegenden Bodies tragen und ganz offensichtlich keine Unterhosen, wie man von hinte(r)n gut sehen kann. Von vorne kommen auch viele Radfahrer, die mich entweder mit Kopfnicken oder einer l\u00e4ssigen Winkbewegung gr\u00fc\u00dfen. Mein Winken wirkt noch etwas ungelenk, also \u00fcbe ich heimlich auf dem Weg, bis ich einen coolen Radfahrergru\u00df aus dem Arm sch\u00fctteln kann, w\u00e4hrend die an mir vorbei rauschen. Allerdings vergleiche ich hier auch \u00c4pfel mit Birnen. Die mit ihren leichten Rennr\u00e4dern, und ich mit meinen 30kg Gep\u00e4ck etc. Ich f\u00fchle mich eher wie eine Pampelmuse zu einer schlanken Banane. W\u00fcrde man so eine reife Pampelmuse aus 10m H\u00f6he nach unten fallen lassen, so w\u00e4re das Ergebnis auf der Stra\u00dfe eine sch\u00f6ne Umschreibung daf\u00fcr wie ich mich gerade f\u00fchle. Nach dem Essen geht es mir schon besser, allerdings muss ich so dringend auf Klo, dass ich den Tee nur halb genie\u00dfen kann. Noch 22km &#8230;<\/p>\n<p>Die zweite Strecke ist noch gruseliger. Total Platt jetzt. Wut, Verzweiflung und schlie\u00dflich Resignation \u00fcber den nochmal st\u00e4rker gewordenen Wind. Augen brennen. Der Platz ist naja, eher suboptimal. Aber ich will hier ja auch keine Wurzeln schlagen. Vielleicht suche ich mir f\u00fcr Sonntag ein Hotel in Barcelona. Morgen ist Sightseeing dran!<\/p>\n<p><a class=\"geolocation-link\" href=\"#\" id=\"geolocation613\" name=\"41.560079,2.505321\" onclick=\"return false;\">Posted from here.<\/a><\/p>\n","protected":false},"excerpt":{"rendered":"<p>Tour anzeigen Qu\u00e4lerei. Nach vier Stunden ununterbrochen fahren ist der Akku leer. Die Berge und der Wind haben mich unter sich aufgeteilt. Seit \u00fcber einer Stunde kann ich nicht mehr. Muss aber noch was schaffen, sonst ist der zweite Teil zu lang. Irgendwann l\u00e4sst mich die Stra\u00dfe nicht mehr los. Es gibt keine M\u00f6glichkeit an &hellip; <a href=\"http:\/\/menina-unterwegs.de\/?p=613\" class=\"more-link\"><span class=\"screen-reader-text\">Tag 57. Tossa de Mar &#8211; Barcelona<\/span> weiterlesen <span class=\"meta-nav\">&rarr;<\/span><\/a><\/p>\n","protected":false},"author":2,"featured_media":0,"comment_status":"open","ping_status":"open","sticky":false,"template":"","format":"standard","meta":{"ngg_post_thumbnail":0,"footnotes":""},"categories":[1],"tags":[],"class_list":["post-613","post","type-post","status-publish","format-standard","hentry","category-tour"],"jetpack_featured_media_url":"","_links":{"self":[{"href":"http:\/\/menina-unterwegs.de\/index.php?rest_route=\/wp\/v2\/posts\/613","targetHints":{"allow":["GET"]}}],"collection":[{"href":"http:\/\/menina-unterwegs.de\/index.php?rest_route=\/wp\/v2\/posts"}],"about":[{"href":"http:\/\/menina-unterwegs.de\/index.php?rest_route=\/wp\/v2\/types\/post"}],"author":[{"embeddable":true,"href":"http:\/\/menina-unterwegs.de\/index.php?rest_route=\/wp\/v2\/users\/2"}],"replies":[{"embeddable":true,"href":"http:\/\/menina-unterwegs.de\/index.php?rest_route=%2Fwp%2Fv2%2Fcomments&post=613"}],"version-history":[{"count":2,"href":"http:\/\/menina-unterwegs.de\/index.php?rest_route=\/wp\/v2\/posts\/613\/revisions"}],"predecessor-version":[{"id":615,"href":"http:\/\/menina-unterwegs.de\/index.php?rest_route=\/wp\/v2\/posts\/613\/revisions\/615"}],"wp:attachment":[{"href":"http:\/\/menina-unterwegs.de\/index.php?rest_route=%2Fwp%2Fv2%2Fmedia&parent=613"}],"wp:term":[{"taxonomy":"category","embeddable":true,"href":"http:\/\/menina-unterwegs.de\/index.php?rest_route=%2Fwp%2Fv2%2Fcategories&post=613"},{"taxonomy":"post_tag","embeddable":true,"href":"http:\/\/menina-unterwegs.de\/index.php?rest_route=%2Fwp%2Fv2%2Ftags&post=613"}],"curies":[{"name":"wp","href":"https:\/\/api.w.org\/{rel}","templated":true}]}}