{"id":607,"date":"2014-05-21T17:19:20","date_gmt":"2014-05-21T15:19:20","guid":{"rendered":"http:\/\/menina-unterwegs.de\/?p=607"},"modified":"2014-05-21T17:19:20","modified_gmt":"2014-05-21T15:19:20","slug":"tag-55-tossa-de-mar","status":"publish","type":"post","link":"http:\/\/menina-unterwegs.de\/?p=607","title":{"rendered":"Tag 55. Tossa de mar"},"content":{"rendered":"<p>Die Nacht war nass, aber nicht ann\u00e4hernd so katastrophal, wie ich in meiner Weltuntergangsplanung gedacht hatte. Ab vier regnet es nicht mehr und ich kann um acht sogar drau\u00dfen fr\u00fchst\u00fccken. Und das, obwohl ich mir ja Brot geschmiert und verschiedenste Nahrungsmittel mit ins Zelt genommen hatte. Ich war \u00fcberhaupt extrem gut vorbereitet und hatte sogar alles gepackt um den erwarteten sintflutartigen Regenf\u00e4llen unter das sichere Dach der Damentoiletten zu fliehen.<br \/>\nIch fr\u00fchst\u00fccke also und lege mich nochmal ins Zelt. Um eins entscheide ich mich, den kleinen &#8222;Cami de ronda&#8220; an der K\u00fcste zur Stadt zu wandern. Die Wolken h\u00e4ngen so tief, dass man meinen k\u00f6nnte, es h\u00e4tte die Sonne nie gegeben. Trotz der lauten Brandung des Meeres herrscht eine Stille, die mich mit Ruhe erf\u00fcllt. Die nebelartigen Wolken und der einsame Weg geben mir ein unwirkliches Gef\u00fchl. Immer wieder bleibe ich stehen und beobachte das Meer, das t\u00fcrkis schimmert, wie um dem grauen Himmel zu trotzen. Ich fasse immer mal wieder die Korkeichen auf dem Weg an, wie sind alte Bekannte aus Korsika. Gerne w\u00fcrde ich mal eine Schlange sehen oder eine Eidechse, aber alles scheint zu schlafen. Statt dessen suche ich auf dem Weg Gew\u00fcrze. Ich hatte als Kind mal einen kleinen Thymianstrauch im Garten, um den ich mich nat\u00fcrlich nicht k\u00fcmmert habe, aber seitdem haben der Thymian und ich eine besondere Verbindung, finde ich. Aber ich entdecke nichts ann\u00e4hernd Thymianartiges, nicht mal Lavendel, den es hier sonst zu Hauf gibt. Wie Sand am Meer quasi, auf den ich gerade schaue, w\u00e4hrend ich das hier schreibe. In Tossa de mar laufen vereinzelt Menschen am Strand und auf den Stra\u00dfen. Ich kaufe mir was zu trinken und esse mein bocadillo. Dazu lasse ich mich sogar herab eine stumpf hin und hertappelnde Taube zu f\u00fcttern, die daraufhin mit doppelter Geschwindigkeit um mich herumscharw\u00e4nzelt, was zugegebenerma\u00dfen ziemlich d\u00e4mlich aussieht. Sie kann ihren Kopf gar nicht so schnell vorstrecken, wie ihre F\u00fc\u00dfe zu den hingeworfenen Brotkr\u00fcmeln wollen. Dummerweise ist es etwas steil und die Kr\u00fcmel fallen schnell Richtung Meer. Aber sie bekommt sie alle. Respekt. Ich lese etwas und als ich nach einiger zeit aufschaue h\u00e4ngen die Wolken noch tiefer und ich kann die n\u00e4chste Bucht schon gar nicht mehr sehen. Ich entscheide mich zur\u00fcck zu wandern. Angekommen setze ich mich auf meinen Platz am Meer und trinke meinen Tee. <\/p>\n<p><a href=\"http:\/\/menina-unterwegs.de\/wp-content\/uploads\/2014\/05\/20140521-171523.jpg\"><img decoding=\"async\" src=\"http:\/\/menina-unterwegs.de\/wp-content\/uploads\/2014\/05\/20140521-171523.jpg\" alt=\"20140521-171523.jpg\" class=\"alignnone size-full\" \/><\/a><\/p>\n<p><a href=\"http:\/\/menina-unterwegs.de\/wp-content\/uploads\/2014\/05\/20140521-171553.jpg\"><img decoding=\"async\" src=\"http:\/\/menina-unterwegs.de\/wp-content\/uploads\/2014\/05\/20140521-171553.jpg\" alt=\"20140521-171553.jpg\" class=\"alignnone size-full\" \/><\/a><\/p>\n<p><a href=\"http:\/\/menina-unterwegs.de\/wp-content\/uploads\/2014\/05\/20140521-171619.jpg\"><img decoding=\"async\" src=\"http:\/\/menina-unterwegs.de\/wp-content\/uploads\/2014\/05\/20140521-171619.jpg\" alt=\"20140521-171619.jpg\" class=\"alignnone size-full\" \/><\/a><\/p>\n<p><a href=\"http:\/\/menina-unterwegs.de\/wp-content\/uploads\/2014\/05\/20140521-171729.jpg\"><img decoding=\"async\" src=\"http:\/\/menina-unterwegs.de\/wp-content\/uploads\/2014\/05\/20140521-171729.jpg\" alt=\"20140521-171729.jpg\" class=\"alignnone size-full\" \/><\/a><\/p>\n<p><a href=\"http:\/\/menina-unterwegs.de\/wp-content\/uploads\/2014\/05\/20140521-171742.jpg\"><img decoding=\"async\" src=\"http:\/\/menina-unterwegs.de\/wp-content\/uploads\/2014\/05\/20140521-171742.jpg\" alt=\"20140521-171742.jpg\" class=\"alignnone size-full\" \/><\/a><\/p>\n<p>Ich bleibe morgen auch noch hier, weil eigentlich die Sonne scheinen soll, was ich mir beim besten Willen nicht vorstellen kann, aber gut. Meine n\u00e4chste Station ist Barcelona und ich genie\u00dfe hier nochmal die Einsamkeit.<\/p>\n<p><a class=\"geolocation-link\" href=\"#\" id=\"geolocation607\" name=\"41.734643,2.950035\" onclick=\"return false;\">Posted from here.<\/a><\/p>\n","protected":false},"excerpt":{"rendered":"<p>Die Nacht war nass, aber nicht ann\u00e4hernd so katastrophal, wie ich in meiner Weltuntergangsplanung gedacht hatte. Ab vier regnet es nicht mehr und ich kann um acht sogar drau\u00dfen fr\u00fchst\u00fccken. Und das, obwohl ich mir ja Brot geschmiert und verschiedenste Nahrungsmittel mit ins Zelt genommen hatte. Ich war \u00fcberhaupt extrem gut vorbereitet und hatte sogar &hellip; <a href=\"http:\/\/menina-unterwegs.de\/?p=607\" class=\"more-link\"><span class=\"screen-reader-text\">Tag 55. Tossa de mar<\/span> weiterlesen <span class=\"meta-nav\">&rarr;<\/span><\/a><\/p>\n","protected":false},"author":2,"featured_media":0,"comment_status":"open","ping_status":"open","sticky":false,"template":"","format":"standard","meta":{"ngg_post_thumbnail":0,"footnotes":""},"categories":[1],"tags":[],"class_list":["post-607","post","type-post","status-publish","format-standard","hentry","category-tour"],"jetpack_featured_media_url":"","_links":{"self":[{"href":"http:\/\/menina-unterwegs.de\/index.php?rest_route=\/wp\/v2\/posts\/607","targetHints":{"allow":["GET"]}}],"collection":[{"href":"http:\/\/menina-unterwegs.de\/index.php?rest_route=\/wp\/v2\/posts"}],"about":[{"href":"http:\/\/menina-unterwegs.de\/index.php?rest_route=\/wp\/v2\/types\/post"}],"author":[{"embeddable":true,"href":"http:\/\/menina-unterwegs.de\/index.php?rest_route=\/wp\/v2\/users\/2"}],"replies":[{"embeddable":true,"href":"http:\/\/menina-unterwegs.de\/index.php?rest_route=%2Fwp%2Fv2%2Fcomments&post=607"}],"version-history":[{"count":1,"href":"http:\/\/menina-unterwegs.de\/index.php?rest_route=\/wp\/v2\/posts\/607\/revisions"}],"predecessor-version":[{"id":608,"href":"http:\/\/menina-unterwegs.de\/index.php?rest_route=\/wp\/v2\/posts\/607\/revisions\/608"}],"wp:attachment":[{"href":"http:\/\/menina-unterwegs.de\/index.php?rest_route=%2Fwp%2Fv2%2Fmedia&parent=607"}],"wp:term":[{"taxonomy":"category","embeddable":true,"href":"http:\/\/menina-unterwegs.de\/index.php?rest_route=%2Fwp%2Fv2%2Fcategories&post=607"},{"taxonomy":"post_tag","embeddable":true,"href":"http:\/\/menina-unterwegs.de\/index.php?rest_route=%2Fwp%2Fv2%2Ftags&post=607"}],"curies":[{"name":"wp","href":"https:\/\/api.w.org\/{rel}","templated":true}]}}