{"id":592,"date":"2014-05-19T18:01:31","date_gmt":"2014-05-19T16:01:31","guid":{"rendered":"http:\/\/menina-unterwegs.de\/?p=592"},"modified":"2014-05-19T18:01:31","modified_gmt":"2014-05-19T16:01:31","slug":"tag-53-sa-riera-tossa-de-mar","status":"publish","type":"post","link":"http:\/\/menina-unterwegs.de\/?p=592","title":{"rendered":"Tag 53. Sa Riera &#8211; Tossa de mar"},"content":{"rendered":"<p><iframe loading=\"lazy\" width=\"100%\" height=\"450\" frameborder=\"0\" scrolling=\"no\" marginheight=\"0\" marginwidth=\"0\" src=\"http:\/\/www.komoot.de\/tour\/tour\/2818261?embed&utm_campaign=wpplugin\"><a href=\"http:\/\/www.komoot.de\/tour\/tour\/2818261?utm_campaign=wpplugin\">Tour anzeigen<\/a><\/iframe><\/p>\n<p>In der Nacht f\u00e4ngt es an zu regnen. Panisch springe ich in meine Hose und klettere aus dem Zelt. Ich muss das Fahrrad einpacken und die Taschen mit unter die Fahrradplane stellen. Wieder mal bin ich reingefallen. Die Tropfen klingen im Zelt wie 5 Liter Eimer voll Wasser und drau\u00dfen sp\u00fcre ich sie gerade mal eben auf der Haut. Wo ich jetzt schon wach bin kann ich auch auf Klo gehen. Und das Fahrrad packe ich trotzdem ein!<\/p>\n<p>Ich qu\u00e4le mich gleich zu Beginn keine Ahnung wie hoch, aber es geht vier bis f\u00fcnf Kilometer nur steil bergauf. ABBA singt irgendwas von &#8222;life is motion&#8220;. Bei mir ist nichts mit motion. Ich zelebriere schnaufend die Entdeckung der Langsamkeit. Der Wind kommt kr\u00e4ftig aus S\u00fcden, wo ich nun zuf\u00e4lligerweise gerade hin muss. Irgendwann bin ich oben. Leider ist es nicht das letzte &#8222;oben&#8220;, wo ich heute hin muss. Ich \u00e4ndere die strecke etwas ab und lande auf einer Stra\u00dfe, die wie eine Autobahn aussieht. Es sind aber schon drei Polizeiautos an mir vorbeigefahren ohne mich zu stoppen. Und Verbotsschilder f\u00fcr Fahrradfahrer gab es auch nicht. Ich muss 10km auf dieser Stra\u00dfe fahren. Am Ende bei meiner Ausfahrt, sehe ich ein Schild: eine durchgestrichene Autobahn. Alles klar, denke ich und um eine Erfahrung reicher verlasse ich die &#8222;Autopista 7&#8220;, die jetzt tats\u00e4chlich auch so hei\u00dft.<br \/>\nIch muss noch einkaufen und gehe nun doch endlich mal zu einem Lidl. Gegen\u00fcber ist Aldi, ich kann mich nicht entscheiden. Lidl ist 5 Meter n\u00e4her, also Lidl. Und was finde ich da? Erstmal nat\u00fcrlich alles sch\u00f6n auf deutsch und da im K\u00fchlregal steht Hering in wei\u00dfer So\u00dfe. Eigentlich wollte ich Fertignudeln machen, aber da kann ich nicht widerstehen. Happy verlasse ich Lidl und merke, dass ich nun bald Pause machen muss. Ein paar Kilometer weiter setze ich mich an die Promenade und esse endlich mein Brot. Ein paar Tauben schleichen um mich rum. Da eine davon sich gerade auf meine Lenkertasche entleert hat, bin ich bockig und lasse keine Kr\u00fcmel fallen. Bis auf einen, aus Versehen, der jetzt ganz nah an meinem Fu\u00df liegt. Ich sehe der Taube an, dass sie sich nicht zwischen Angst und Hunger entscheiden kann. Schlie\u00dflich siegt der Hunger und der Kr\u00fcmel wird aufgepickt. Danach springt sie vor lauter Gl\u00fcck spontan auf die Bank neben mich. Das ist mir doch etwas zu nah und ich sage freundlich: &#8222;wenn du noch einen Schritt n\u00e4her kommst, bist du die l\u00e4ngste Zeit eine Taube gewesen&#8220;. Genauso spontan zieht sie sich also wieder zur\u00fcck und pliert statt dessen auf die Kekspackung zu meinen F\u00fc\u00dfen und kommt diesen gef\u00e4hrlich nahe. Den F\u00fc\u00dfen meine ich, und ich sinniere dar\u00fcber, wie weit eine Taube fliegen kann, wenn sie nicht die Fl\u00fcgel benutzt &#8230;<\/p>\n<p><a href=\"http:\/\/menina-unterwegs.de\/wp-content\/uploads\/2014\/05\/20140519-175555.jpg\"><img decoding=\"async\" src=\"http:\/\/menina-unterwegs.de\/wp-content\/uploads\/2014\/05\/20140519-175555.jpg\" alt=\"20140519-175555.jpg\" class=\"alignnone size-full\" \/><\/a><\/p>\n<p><a href=\"http:\/\/menina-unterwegs.de\/wp-content\/uploads\/2014\/05\/20140519-175620.jpg\"><img decoding=\"async\" src=\"http:\/\/menina-unterwegs.de\/wp-content\/uploads\/2014\/05\/20140519-175620.jpg\" alt=\"20140519-175620.jpg\" class=\"alignnone size-full\" \/><\/a><\/p>\n<p>Nun, es hilft nichts, ich muss weiter. Der Wind wird nicht weniger und die restlichen 20km werden nochmal schwer. ich w\u00fcrde sie gerne vermeiden, aber das bleibt mir wohl verweh(r)t.<br \/>\nEs geht hoch und runter, keine 100m waagerecht. Aber eine sehr sch\u00f6ne Strecke. Wenn ich nach vorne gucke, ist es recht demoralisierend. Also gucke ich die Gr\u00e4ser und die Stra\u00dfe an. Ein auf einen Millimeter gepresster Frosch scheint mir von der Stra\u00dfe aus m\u00fcde zuzuwinken. Ich w\u00fcrde den Gru\u00df ja gerne erwidern, aber ich bin selber zu platt. Kurz streift meine rechte Hand am Felsen einen Busch oder so. Als ich hingucke sind bestimmt hundert Ameisen auf meiner Hand. Schlecht, wenn man sich gerade ein besonders steiles St\u00fcck hochqu\u00e4lt und zwei Reisebusse von vorne kommen. Also ignoriere ich die aufgeregt an meinem Arm hochkrabbelnden neuen Freunde und fahre \u00fcberaus gelassen weiter. Sobald ich kann entlasse ich die Ameisen wieder auf den Boden, wo die jetzt ein gutes St\u00fcck zu Fu\u00df wieder nach Hause gehen m\u00fcssen. Immerhin geht es f\u00fcr sie ja bergab.<br \/>\nHoch hoch hoch. Runter. Wieder hoch hoch hoch und ganz kurz runter. Die &#8222;runter&#8220;-Passagen dr\u00e4ngen mir unweigerlich die Frage auf, wie weit sich mein bepacktes Fahrrad eigentlich in welcher Geschwindigkeit neigen kann, bevor es einfach unmotiviert umkippt. Ich verschiebe den \u00fcberaus interessanten Test dazu auf sp\u00e4ter &#8230;<\/p>\n<p><a href=\"http:\/\/menina-unterwegs.de\/wp-content\/uploads\/2014\/05\/20140519-175751.jpg\"><img decoding=\"async\" src=\"http:\/\/menina-unterwegs.de\/wp-content\/uploads\/2014\/05\/20140519-175751.jpg\" alt=\"20140519-175751.jpg\" class=\"alignnone size-full\" \/><\/a><\/p>\n<p><a href=\"http:\/\/menina-unterwegs.de\/wp-content\/uploads\/2014\/05\/20140519-175827.jpg\"><img decoding=\"async\" src=\"http:\/\/menina-unterwegs.de\/wp-content\/uploads\/2014\/05\/20140519-175827.jpg\" alt=\"20140519-175827.jpg\" class=\"alignnone size-full\" \/><\/a><\/p>\n<p><a href=\"http:\/\/menina-unterwegs.de\/wp-content\/uploads\/2014\/05\/20140519-175848.jpg\"><img decoding=\"async\" src=\"http:\/\/menina-unterwegs.de\/wp-content\/uploads\/2014\/05\/20140519-175848.jpg\" alt=\"20140519-175848.jpg\" class=\"alignnone size-full\" \/><\/a><\/p>\n<p>In allersp\u00e4testens 10 Jahren wei\u00df doch keiner mehr, was das Schild hier bedeutet &#8230;<\/p>\n<p><a href=\"http:\/\/menina-unterwegs.de\/wp-content\/uploads\/2014\/05\/20140519-175941.jpg\"><img decoding=\"async\" src=\"http:\/\/menina-unterwegs.de\/wp-content\/uploads\/2014\/05\/20140519-175941.jpg\" alt=\"20140519-175941.jpg\" class=\"alignnone size-full\" \/><\/a><\/p>\n<p>Ich bin endlich angekommen, Beine wie Gummi, aber der Platz ist sehr sch\u00f6n \ud83d\ude42<\/p>\n<p><a href=\"http:\/\/menina-unterwegs.de\/wp-content\/uploads\/2014\/05\/20140519-180053.jpg\"><img decoding=\"async\" src=\"http:\/\/menina-unterwegs.de\/wp-content\/uploads\/2014\/05\/20140519-180053.jpg\" alt=\"20140519-180053.jpg\" class=\"alignnone size-full\" \/><\/a><\/p>\n<p><a class=\"geolocation-link\" href=\"#\" id=\"geolocation592\" name=\"41.780321,3.032773\" onclick=\"return false;\">Posted from here.<\/a><\/p>\n","protected":false},"excerpt":{"rendered":"<p>Tour anzeigen In der Nacht f\u00e4ngt es an zu regnen. Panisch springe ich in meine Hose und klettere aus dem Zelt. Ich muss das Fahrrad einpacken und die Taschen mit unter die Fahrradplane stellen. Wieder mal bin ich reingefallen. Die Tropfen klingen im Zelt wie 5 Liter Eimer voll Wasser und drau\u00dfen sp\u00fcre ich sie &hellip; <a href=\"http:\/\/menina-unterwegs.de\/?p=592\" class=\"more-link\"><span class=\"screen-reader-text\">Tag 53. Sa Riera &#8211; Tossa de mar<\/span> weiterlesen <span class=\"meta-nav\">&rarr;<\/span><\/a><\/p>\n","protected":false},"author":2,"featured_media":0,"comment_status":"open","ping_status":"open","sticky":false,"template":"","format":"standard","meta":{"ngg_post_thumbnail":0,"footnotes":""},"categories":[1],"tags":[],"class_list":["post-592","post","type-post","status-publish","format-standard","hentry","category-tour"],"jetpack_featured_media_url":"","_links":{"self":[{"href":"http:\/\/menina-unterwegs.de\/index.php?rest_route=\/wp\/v2\/posts\/592","targetHints":{"allow":["GET"]}}],"collection":[{"href":"http:\/\/menina-unterwegs.de\/index.php?rest_route=\/wp\/v2\/posts"}],"about":[{"href":"http:\/\/menina-unterwegs.de\/index.php?rest_route=\/wp\/v2\/types\/post"}],"author":[{"embeddable":true,"href":"http:\/\/menina-unterwegs.de\/index.php?rest_route=\/wp\/v2\/users\/2"}],"replies":[{"embeddable":true,"href":"http:\/\/menina-unterwegs.de\/index.php?rest_route=%2Fwp%2Fv2%2Fcomments&post=592"}],"version-history":[{"count":1,"href":"http:\/\/menina-unterwegs.de\/index.php?rest_route=\/wp\/v2\/posts\/592\/revisions"}],"predecessor-version":[{"id":593,"href":"http:\/\/menina-unterwegs.de\/index.php?rest_route=\/wp\/v2\/posts\/592\/revisions\/593"}],"wp:attachment":[{"href":"http:\/\/menina-unterwegs.de\/index.php?rest_route=%2Fwp%2Fv2%2Fmedia&parent=592"}],"wp:term":[{"taxonomy":"category","embeddable":true,"href":"http:\/\/menina-unterwegs.de\/index.php?rest_route=%2Fwp%2Fv2%2Fcategories&post=592"},{"taxonomy":"post_tag","embeddable":true,"href":"http:\/\/menina-unterwegs.de\/index.php?rest_route=%2Fwp%2Fv2%2Ftags&post=592"}],"curies":[{"name":"wp","href":"https:\/\/api.w.org\/{rel}","templated":true}]}}