{"id":583,"date":"2014-05-18T17:22:14","date_gmt":"2014-05-18T15:22:14","guid":{"rendered":"http:\/\/menina-unterwegs.de\/?p=583"},"modified":"2014-05-18T17:22:14","modified_gmt":"2014-05-18T15:22:14","slug":"tag-52-sa-riera","status":"publish","type":"post","link":"http:\/\/menina-unterwegs.de\/?p=583","title":{"rendered":"Tag 52. Sa Riera"},"content":{"rendered":"<p>Am Vorabend geht ein englisch sprechendes Kind mit seinem Vater an meinem Zelt vorbei und erz\u00e4hlt begeistert &#8222;there lives a big man in the tent, a biiiigg man&#8220;. Ok. Ich wurde in Frankreich zwar schon verschiedentlich f\u00fcr einen &#8222;Monsieur&#8220; gehalten, aber &#8222;biiiiggg&#8220; hat mich noch keiner genannt. Ich wei\u00df nicht ob ich mich freuen soll ..,<\/p>\n<p>Heute ist es mal eher k\u00fchl, ich will eine kleine Wanderung machen. Ich bin in den Bergen der Costa brava. Ich will nach Begur, mir ein Castell ansehen und dann so gut es geht an der K\u00fcste wieder nach Sa Riera. Erstmal geht es unterhalb der Stra\u00dfe einen kleinen Wanderweg entlang. <\/p>\n<p><a href=\"http:\/\/menina-unterwegs.de\/wp-content\/uploads\/2014\/05\/20140518-171135.jpg\"><img decoding=\"async\" src=\"http:\/\/menina-unterwegs.de\/wp-content\/uploads\/2014\/05\/20140518-171135.jpg\" alt=\"20140518-171135.jpg\" class=\"alignnone size-full\" \/><\/a><\/p>\n<p><a href=\"http:\/\/menina-unterwegs.de\/wp-content\/uploads\/2014\/05\/20140518-171210.jpg\"><img decoding=\"async\" src=\"http:\/\/menina-unterwegs.de\/wp-content\/uploads\/2014\/05\/20140518-171210.jpg\" alt=\"20140518-171210.jpg\" class=\"alignnone size-full\" \/><\/a><\/p>\n<p>Mohnblumen sind etwas, was mich seit Deutschland begleitet. Das haben nicht mal die Zitronenfalter geschafft. Und Kuckucksrufe. Ich glaube ich habe noch nie so viele Kuckuckse (wie auch immer hier die Mehrzahl ist) geh\u00f6rt, wie in Frankreich und jetzt Spanien. <\/p>\n<p>Bis ich nach Begur komme und unverhofft ein sehr touristisches St\u00e4dtchen vorfinde. Ich freue mich \u00fcber die ganzen Menschen, ich hatte schon bef\u00fcrchtet, dass hier alles verwaist ist. Ich finde sogar einen Supermarkt um mir nocilla zu kaufen. Heute ist immerhin Sonntag. <\/p>\n<p><a href=\"http:\/\/menina-unterwegs.de\/wp-content\/uploads\/2014\/05\/20140518-171505.jpg\"><img decoding=\"async\" src=\"http:\/\/menina-unterwegs.de\/wp-content\/uploads\/2014\/05\/20140518-171505.jpg\" alt=\"20140518-171505.jpg\" class=\"alignnone size-full\" \/><\/a><\/p>\n<p><a href=\"http:\/\/menina-unterwegs.de\/wp-content\/uploads\/2014\/05\/20140518-171525.jpg\"><img decoding=\"async\" src=\"http:\/\/menina-unterwegs.de\/wp-content\/uploads\/2014\/05\/20140518-171525.jpg\" alt=\"20140518-171525.jpg\" class=\"alignnone size-full\" \/><\/a><\/p>\n<p><a href=\"http:\/\/menina-unterwegs.de\/wp-content\/uploads\/2014\/05\/20140518-171548.jpg\"><img decoding=\"async\" src=\"http:\/\/menina-unterwegs.de\/wp-content\/uploads\/2014\/05\/20140518-171548.jpg\" alt=\"20140518-171548.jpg\" class=\"alignnone size-full\" \/><\/a><\/p>\n<p>Die Sonne kommt raus und ich werde schlagartig m\u00fcde. Gestern Nacht wurde auf der gegen\u00fcberliegenden Bergseite eine Party gefeiert und immer wenn ich aufgewacht bin, haben sie gerade dasselbe Lied wie schon die drei mal davor gespielt. Vielleicht war das auch nur das Echo. <\/p>\n<p>Ich setze mich auf eine Bank an diesem Platz und genie\u00dfe die aufkommende W\u00e4rme. Aus einer Ecke str\u00f6men pl\u00f6tzlich viele kleine Kinder, alle mit einem Luftballon in den H\u00e4nden. Es weht etwas und die Luftballons fliegen hin und her, sobald eines der Kinder die H\u00e4nde \u00f6ffnet. Alle Leute auf dem Platz und in den Caf\u00e9s beginnen sich die Aufgabe zu teilen, den Kindern, die mit ihren kurzen Beinchen den wegfliegenden Ballons nicht hinterherkommen, die Ballons wiederzugeben. Ich mache auch fr\u00f6hlich mit und so sind wir vereint im hin- und herlaufen. Fr\u00f6hlich und lustig. <\/p>\n<p>Tr\u00e4ge schleppe ich mich zum Castell hoch. Ist aber ein sch\u00f6ner Ausblick da. <\/p>\n<p><a href=\"http:\/\/menina-unterwegs.de\/wp-content\/uploads\/2014\/05\/20140518-171735.jpg\"><img decoding=\"async\" src=\"http:\/\/menina-unterwegs.de\/wp-content\/uploads\/2014\/05\/20140518-171735.jpg\" alt=\"20140518-171735.jpg\" class=\"alignnone size-full\" \/><\/a><\/p>\n<p><a href=\"http:\/\/menina-unterwegs.de\/wp-content\/uploads\/2014\/05\/20140518-171755.jpg\"><img decoding=\"async\" src=\"http:\/\/menina-unterwegs.de\/wp-content\/uploads\/2014\/05\/20140518-171755.jpg\" alt=\"20140518-171755.jpg\" class=\"alignnone size-full\" \/><\/a><\/p>\n<p><a href=\"http:\/\/menina-unterwegs.de\/wp-content\/uploads\/2014\/05\/20140518-171834.jpg\"><img decoding=\"async\" src=\"http:\/\/menina-unterwegs.de\/wp-content\/uploads\/2014\/05\/20140518-171834.jpg\" alt=\"20140518-171834.jpg\" class=\"alignnone size-full\" \/><\/a><\/p>\n<p>Und ich hab mir mal richtig was geg\u00f6nnt:<\/p>\n<p><a href=\"http:\/\/menina-unterwegs.de\/wp-content\/uploads\/2014\/05\/20140518-171936.jpg\"><img decoding=\"async\" src=\"http:\/\/menina-unterwegs.de\/wp-content\/uploads\/2014\/05\/20140518-171936.jpg\" alt=\"20140518-171936.jpg\" class=\"alignnone size-full\" \/><\/a><\/p>\n<p>Mein R\u00fcckweg geht ein ganz kleines St\u00fcck an der K\u00fcste entlang:<\/p>\n<p><a href=\"http:\/\/menina-unterwegs.de\/wp-content\/uploads\/2014\/05\/20140518-172022.jpg\"><img decoding=\"async\" src=\"http:\/\/menina-unterwegs.de\/wp-content\/uploads\/2014\/05\/20140518-172022.jpg\" alt=\"20140518-172022.jpg\" class=\"alignnone size-full\" \/><\/a><\/p>\n<p><a href=\"http:\/\/menina-unterwegs.de\/wp-content\/uploads\/2014\/05\/20140518-172056.jpg\"><img decoding=\"async\" src=\"http:\/\/menina-unterwegs.de\/wp-content\/uploads\/2014\/05\/20140518-172056.jpg\" alt=\"20140518-172056.jpg\" class=\"alignnone size-full\" \/><\/a><br \/>\nJetzt bin ich wieder zu Hause und versuche verzweifelt, den spanischen Brennspiritus zum brennen zu bekommen. Dagegen ist der franz\u00f6sische ja eine richtige Rakete. Naja, wird schon.<\/p>\n<p><a class=\"geolocation-link\" href=\"#\" id=\"geolocation583\" name=\"41.968695,3.208761\" onclick=\"return false;\">Posted from here.<\/a><\/p>\n","protected":false},"excerpt":{"rendered":"<p>Am Vorabend geht ein englisch sprechendes Kind mit seinem Vater an meinem Zelt vorbei und erz\u00e4hlt begeistert &#8222;there lives a big man in the tent, a biiiigg man&#8220;. Ok. Ich wurde in Frankreich zwar schon verschiedentlich f\u00fcr einen &#8222;Monsieur&#8220; gehalten, aber &#8222;biiiiggg&#8220; hat mich noch keiner genannt. Ich wei\u00df nicht ob ich mich freuen soll &hellip; <a href=\"http:\/\/menina-unterwegs.de\/?p=583\" class=\"more-link\"><span class=\"screen-reader-text\">Tag 52. Sa Riera<\/span> weiterlesen <span class=\"meta-nav\">&rarr;<\/span><\/a><\/p>\n","protected":false},"author":2,"featured_media":0,"comment_status":"open","ping_status":"open","sticky":false,"template":"","format":"standard","meta":{"ngg_post_thumbnail":0,"footnotes":""},"categories":[1],"tags":[],"class_list":["post-583","post","type-post","status-publish","format-standard","hentry","category-tour"],"jetpack_featured_media_url":"","_links":{"self":[{"href":"http:\/\/menina-unterwegs.de\/index.php?rest_route=\/wp\/v2\/posts\/583","targetHints":{"allow":["GET"]}}],"collection":[{"href":"http:\/\/menina-unterwegs.de\/index.php?rest_route=\/wp\/v2\/posts"}],"about":[{"href":"http:\/\/menina-unterwegs.de\/index.php?rest_route=\/wp\/v2\/types\/post"}],"author":[{"embeddable":true,"href":"http:\/\/menina-unterwegs.de\/index.php?rest_route=\/wp\/v2\/users\/2"}],"replies":[{"embeddable":true,"href":"http:\/\/menina-unterwegs.de\/index.php?rest_route=%2Fwp%2Fv2%2Fcomments&post=583"}],"version-history":[{"count":1,"href":"http:\/\/menina-unterwegs.de\/index.php?rest_route=\/wp\/v2\/posts\/583\/revisions"}],"predecessor-version":[{"id":584,"href":"http:\/\/menina-unterwegs.de\/index.php?rest_route=\/wp\/v2\/posts\/583\/revisions\/584"}],"wp:attachment":[{"href":"http:\/\/menina-unterwegs.de\/index.php?rest_route=%2Fwp%2Fv2%2Fmedia&parent=583"}],"wp:term":[{"taxonomy":"category","embeddable":true,"href":"http:\/\/menina-unterwegs.de\/index.php?rest_route=%2Fwp%2Fv2%2Fcategories&post=583"},{"taxonomy":"post_tag","embeddable":true,"href":"http:\/\/menina-unterwegs.de\/index.php?rest_route=%2Fwp%2Fv2%2Ftags&post=583"}],"curies":[{"name":"wp","href":"https:\/\/api.w.org\/{rel}","templated":true}]}}