{"id":570,"date":"2014-05-17T18:25:51","date_gmt":"2014-05-17T16:25:51","guid":{"rendered":"http:\/\/menina-unterwegs.de\/?p=570"},"modified":"2014-05-17T18:25:51","modified_gmt":"2014-05-17T16:25:51","slug":"tag-51-empuriabrava-sa-riera","status":"publish","type":"post","link":"http:\/\/menina-unterwegs.de\/?p=570","title":{"rendered":"Tag 51. Empuriabrava &#8211; Sa Riera"},"content":{"rendered":"<p><iframe loading=\"lazy\" width=\"100%\" height=\"450\" frameborder=\"0\" scrolling=\"no\" marginheight=\"0\" marginwidth=\"0\" src=\"http:\/\/www.komoot.de\/tour\/tour\/2798006?embed&utm_campaign=wpplugin\"><a href=\"http:\/\/www.komoot.de\/tour\/tour\/2798006?utm_campaign=wpplugin\">Tour anzeigen<\/a><\/iframe><\/p>\n<p>Heute endlich mal weiter. Vom Nichtstun krieg ich schon eine regelrechte Wampe. Ich freue mich dar\u00fcber, dass mein franz\u00f6sisches Nutellaglas bald leer ist. Dann gibt es n\u00e4mlich endlich &#8222;nocilla&#8220; &#8211; die spanische Nutella Variante. Die gab es bei uns schon, als wir noch Kinder waren und alles, was nutella-artig war, hie\u00df bei uns nocilla. Ich glaube sogar heute noch. Dabei spricht man das keineswegs wie &#8222;Godzilla&#8220; aus. Vielmehr handelt es sich bei der Aussprache um eine Verneinung (no), gefolgt von einer kr\u00e4ftigen Zustimmung (si!!), um dann nochmal quasi sicherheitshalber mit einem deutschen &#8222;ja!&#8220; zu enden. Ungef\u00e4hr so. Ach, das wird ein Fest!<br \/>\nIch habe ein Br\u00f6tchen f\u00fcr die Pause geschmiert, auf das ich mich jetzt schon freue. Mein Messer benutze ich wirklich h\u00e4ufig und finde es toll, so ein Messer auch mal wirklich sinnvoll zu nutzen. Ich hatte schon als Kind eine Messeraffinit\u00e4t, allerdings habe ich sie haupts\u00e4chlich dazu benutzt, um mir beim Schnitzen in den Finger zu schneiden. Ich glaube, es geh\u00f6rt sicher mit zu den erschreckendsten Dingen f\u00fcr Eltern, wenn ein Kind sagt: &#8222;Papi, ich glaube der Daumen f\u00e4llt ab&#8220;. Papi, der nat\u00fcrlich eben noch etwas zu Messern, Schnitzen und Vorsicht gesagt hatte, bleibt gelassen und wickelt ein Taschentuch fest um den Daumen, sodass nicht ein Tropfen Blut rausl\u00e4uft. Ich war schwer beeindruckt und er war mein Held f\u00fcr den Rest des Tages. Die Narbe kann ich immernoch sehen. <\/p>\n<p>Der Sonnenbrand auf dem R\u00fccken l\u00f6st sich jetzt langsam von mir, in feinen Streifen nat\u00fcrlich. Daf\u00fcr habe ich quasi (das scheint ein Lieblingswort von mir zu sein, merke ich gerade) einen brandneuen an den Innenseiten der Oberschenkel und auf den Schultern. Eine super Kombination zum Fahrrad fahren und Rucksack tragen. Naja, da kann man wohl zu Recht sagen &#8222;selber Schuld&#8220;. Macht nichts, ohne zu klagen fahre ich los &#8211; ist auch schwer, wenn man die ganze Zeit die Z\u00e4hne zusammenbei\u00dft. Nein, so schlimm ist es nicht. Wer nicht h\u00f6ren will &#8230;<br \/>\nAlso, hier einige Impressionen und Eindr\u00fccke:<\/p>\n<p><a href=\"http:\/\/menina-unterwegs.de\/wp-content\/uploads\/2014\/05\/20140517-175043.jpg\"><img decoding=\"async\" src=\"http:\/\/menina-unterwegs.de\/wp-content\/uploads\/2014\/05\/20140517-175043.jpg\" alt=\"20140517-175043.jpg\" class=\"alignnone size-full\" \/><\/a><\/p>\n<p><a href=\"http:\/\/menina-unterwegs.de\/wp-content\/uploads\/2014\/05\/20140517-175059.jpg\"><img decoding=\"async\" src=\"http:\/\/menina-unterwegs.de\/wp-content\/uploads\/2014\/05\/20140517-175059.jpg\" alt=\"20140517-175059.jpg\" class=\"alignnone size-full\" \/><\/a><\/p>\n<p><a href=\"http:\/\/menina-unterwegs.de\/wp-content\/uploads\/2014\/05\/20140517-175108.jpg\"><img decoding=\"async\" src=\"http:\/\/menina-unterwegs.de\/wp-content\/uploads\/2014\/05\/20140517-175108.jpg\" alt=\"20140517-175108.jpg\" class=\"alignnone size-full\" \/><\/a><br \/>\nEin besonderen Eindruck auf der Stra\u00dfe hinterl\u00e4sst diese platt gefahrene Schlange:<\/p>\n<p><a href=\"http:\/\/menina-unterwegs.de\/wp-content\/uploads\/2014\/05\/20140517-180231.jpg\"><img decoding=\"async\" src=\"http:\/\/menina-unterwegs.de\/wp-content\/uploads\/2014\/05\/20140517-180231.jpg\" alt=\"20140517-180231.jpg\" class=\"alignnone size-full\" \/><\/a><br \/>\nIch mache Pause an einem<br \/>\nRastplatz und endlich sehe ich einen Feigenbaum mit einer Feige dran. Unter einigen M\u00fchen zupfe ich sie ab und nehme meine Beute mit zur Picknickbank. <\/p>\n<p><a href=\"http:\/\/menina-unterwegs.de\/wp-content\/uploads\/2014\/05\/20140517-180726.jpg\"><img decoding=\"async\" src=\"http:\/\/menina-unterwegs.de\/wp-content\/uploads\/2014\/05\/20140517-180726.jpg\" alt=\"20140517-180726.jpg\" class=\"alignnone size-full\" \/><\/a><\/p>\n<p><a href=\"http:\/\/menina-unterwegs.de\/wp-content\/uploads\/2014\/05\/20140517-180743.jpg\"><img decoding=\"async\" src=\"http:\/\/menina-unterwegs.de\/wp-content\/uploads\/2014\/05\/20140517-180743.jpg\" alt=\"20140517-180743.jpg\" class=\"alignnone size-full\" \/><\/a><br \/>\nSieht gut aus irgendwie. Ich schneide sie auf und bin ratlos. Das kenne ich aus Korsika irgendwie anders. Hier fehlt doch eigentlich der Inhalt?! Nicht mal die Ameisen wollen das Ding haben. <\/p>\n<p><a href=\"http:\/\/menina-unterwegs.de\/wp-content\/uploads\/2014\/05\/20140517-180901.jpg\"><img decoding=\"async\" src=\"http:\/\/menina-unterwegs.de\/wp-content\/uploads\/2014\/05\/20140517-180901.jpg\" alt=\"20140517-180901.jpg\" class=\"alignnone size-full\" \/><\/a><br \/>\nWeiter geht&#8217;s. Und ich komme an, in den Bergen. H\u00fcbsch hier. Kaum Leute auf dem Platz, schon gar nicht Fahrradfahrer. Was vielleicht daran liegt, dass man sich hier echt hochqu\u00e4len muss. Es gibt Waschmaschinen, mit integrierter Waschmittelzufuhr. Das ist gut, waschen w\u00e4re mal nicht verkehrt. Ich schmei\u00dfe mein Geld ein und ignoriere gekonnt die 25%tige Chance, das richtige Programm f\u00fcr meine 30 Grad W\u00e4sche zu dr\u00fccken. Es gibt &#8222;frio&#8220;, &#8222;normal&#8220;, &#8222;caliente&#8220; und &#8222;muy caliente&#8220;. Immerhin bin ich bei muy caliente nicht h\u00e4ngen geblieben. Der freundliche, englisch sprechende Mann an der Rezeption vermutet, dass &#8222;caliente&#8220; so ungef\u00e4hr bei 60-90<br \/>\nGrad liegt. Und &#8222;muy caliente&#8220; w\u00e4re dann vielleicht \u00fcber 90 Grad. Ich bin erstaunt. Ich dachte 90 Grad ist schon Kochw\u00e4sche? Was w\u00e4re denn dann \u00fcber 90 Grad? Ultrahocherhitzte Hochofen W\u00e4sche? Hat nat\u00fcrlich den Vorteil, dass der Sand von Strand schmilzt und so leicht abgewaschen werden kann. Wie auch immer, ich habe ja etwas abgenommen, kann die W\u00e4sche ja ruhig etwas einlaufen &#8230; Ja, haha. Aber soviel dann bitte doch nicht. Der Rezeptionsmann ist sich unsicher und fragt seinen Chef. Kein Problem, die Maschinen sind auf 37 Grad reguliert. Tja. Da denkt man denn, man w\u00e4hlt mal ein richtig ordentliches &#8222;muy caliente&#8220; Programm und bekommt trotzdem nur 37 Grad. Gut f\u00fcr mich allerdings. Ich nehme die fertige W\u00e4sche aus der Maschine und alles sieht gut aus. Riecht nach nichts, au\u00dfer leicht nach Chlor. Ich bin mir nicht sicher ob da wirklich Waschmittel drin war. Egal. Jetzt muss ich aber endlich mal kochen. Meine W\u00e4scheleine habe ich nat\u00fcrlich irgendwo liegen lassen, wie ich feststellen muss. Das war eigentlich nur eine Frage der Zeit. Aber wer braucht schon W\u00e4scheleinen &#8230;<\/p>\n<p><a href=\"http:\/\/menina-unterwegs.de\/wp-content\/uploads\/2014\/05\/20140517-182431.jpg\"><img decoding=\"async\" src=\"http:\/\/menina-unterwegs.de\/wp-content\/uploads\/2014\/05\/20140517-182431.jpg\" alt=\"20140517-182431.jpg\" class=\"alignnone size-full\" \/><\/a><\/p>\n<p><a class=\"geolocation-link\" href=\"#\" id=\"geolocation570\" name=\"41.967874,3.210916\" onclick=\"return false;\">Posted from here.<\/a><\/p>\n","protected":false},"excerpt":{"rendered":"<p>Tour anzeigen Heute endlich mal weiter. Vom Nichtstun krieg ich schon eine regelrechte Wampe. Ich freue mich dar\u00fcber, dass mein franz\u00f6sisches Nutellaglas bald leer ist. Dann gibt es n\u00e4mlich endlich &#8222;nocilla&#8220; &#8211; die spanische Nutella Variante. Die gab es bei uns schon, als wir noch Kinder waren und alles, was nutella-artig war, hie\u00df bei uns &hellip; <a href=\"http:\/\/menina-unterwegs.de\/?p=570\" class=\"more-link\"><span class=\"screen-reader-text\">Tag 51. Empuriabrava &#8211; Sa Riera<\/span> weiterlesen <span class=\"meta-nav\">&rarr;<\/span><\/a><\/p>\n","protected":false},"author":2,"featured_media":0,"comment_status":"open","ping_status":"open","sticky":false,"template":"","format":"standard","meta":{"ngg_post_thumbnail":0,"footnotes":""},"categories":[1],"tags":[],"class_list":["post-570","post","type-post","status-publish","format-standard","hentry","category-tour"],"jetpack_featured_media_url":"","_links":{"self":[{"href":"http:\/\/menina-unterwegs.de\/index.php?rest_route=\/wp\/v2\/posts\/570","targetHints":{"allow":["GET"]}}],"collection":[{"href":"http:\/\/menina-unterwegs.de\/index.php?rest_route=\/wp\/v2\/posts"}],"about":[{"href":"http:\/\/menina-unterwegs.de\/index.php?rest_route=\/wp\/v2\/types\/post"}],"author":[{"embeddable":true,"href":"http:\/\/menina-unterwegs.de\/index.php?rest_route=\/wp\/v2\/users\/2"}],"replies":[{"embeddable":true,"href":"http:\/\/menina-unterwegs.de\/index.php?rest_route=%2Fwp%2Fv2%2Fcomments&post=570"}],"version-history":[{"count":1,"href":"http:\/\/menina-unterwegs.de\/index.php?rest_route=\/wp\/v2\/posts\/570\/revisions"}],"predecessor-version":[{"id":571,"href":"http:\/\/menina-unterwegs.de\/index.php?rest_route=\/wp\/v2\/posts\/570\/revisions\/571"}],"wp:attachment":[{"href":"http:\/\/menina-unterwegs.de\/index.php?rest_route=%2Fwp%2Fv2%2Fmedia&parent=570"}],"wp:term":[{"taxonomy":"category","embeddable":true,"href":"http:\/\/menina-unterwegs.de\/index.php?rest_route=%2Fwp%2Fv2%2Fcategories&post=570"},{"taxonomy":"post_tag","embeddable":true,"href":"http:\/\/menina-unterwegs.de\/index.php?rest_route=%2Fwp%2Fv2%2Ftags&post=570"}],"curies":[{"name":"wp","href":"https:\/\/api.w.org\/{rel}","templated":true}]}}