{"id":548,"date":"2014-05-14T15:38:56","date_gmt":"2014-05-14T13:38:56","guid":{"rendered":"http:\/\/menina-unterwegs.de\/?p=548"},"modified":"2014-05-14T15:38:57","modified_gmt":"2014-05-14T13:38:57","slug":"tag-48-port-de-la-selva-empuriabrava","status":"publish","type":"post","link":"http:\/\/menina-unterwegs.de\/?p=548","title":{"rendered":"Tag 48. Port de la selva &#8211; Empuriabrava"},"content":{"rendered":"<p><iframe loading=\"lazy\" width=\"100%\" height=\"450\" frameborder=\"0\" scrolling=\"no\" marginheight=\"0\" marginwidth=\"0\" src=\"http:\/\/www.komoot.de\/tour\/tour\/2780357?embed&utm_campaign=wpplugin\"><a href=\"http:\/\/www.komoot.de\/tour\/tour\/2780357?utm_campaign=wpplugin\">Tour anzeigen<\/a><\/iframe><br \/>\nWie auch meine blaue Matte, h\u00e4lt mich nichts mehr auf diesem Campingplatz. Ich mache mich also auf den Weg. Der Wind kommt erstmal haupts\u00e4chlich von vorne. Ich freue mich, dass ich am<br \/>\nBerg ein im Windschatten tr\u00e4ge vor sich hinrollendes Taschentuch \u00fcberhole. Aber einfach war das nicht. Auf einmal bin ich raus aus den Bergen und vor mir erstreckt sich erstmal plattes Land. Ist jetzt auch nicht verkehrt, denke ich. R\u00fcckblickend sehe ich die Pyren\u00e4en ja noch. <\/p>\n<p><a href=\"http:\/\/menina-unterwegs.de\/wp-content\/uploads\/2014\/05\/20140514-151824.jpg\"><img decoding=\"async\" src=\"http:\/\/menina-unterwegs.de\/wp-content\/uploads\/2014\/05\/20140514-151824.jpg\" alt=\"20140514-151824.jpg\" class=\"alignnone size-full\" \/><\/a><br \/>\nErstmal eben f\u00fcr drei Euro meine Bremse richten lassen. Leider nur auf englisch gesprochen, ich merke, dass spanisch nicht ann\u00e4hernd so klappt, wie franz\u00f6sisch. Frustrierend. Auf dem n\u00e4chsten Campingplatz weht derselbe Wind, mit der gleichen St\u00e4rke. Unterwegs habe ich mir einen unw\u00fcrdigen Mattenersatz gekauft, immerhin ist etwas Blau dabei. <\/p>\n<p><a href=\"http:\/\/menina-unterwegs.de\/wp-content\/uploads\/2014\/05\/20140514-152236.jpg\"><img decoding=\"async\" src=\"http:\/\/menina-unterwegs.de\/wp-content\/uploads\/2014\/05\/20140514-152236.jpg\" alt=\"20140514-152236.jpg\" class=\"alignnone size-full\" \/><\/a><br \/>\nHier sind fast nur Deutsche. Hier sind sie also alle. Ich hatte bis jetzt eher Italiener, Franzosen und Holl\u00e4nder gesehen. Ich baue mein Zelt auf und schnappe mir Schirm und Matte, um mein Gl\u00fcck am Strand zu versuchen. Ein sehr breiter Strand, ganz ohne Menschen. Als der Wind ganz nebenbei meinen Schirm m\u00fchelos umknickt, ist mir auch klar warum. Also wieder zur\u00fcck. Macht nichts, ich hab mir etwas Strand mitgenommen. Haupts\u00e4chlich in meinen Haaren und unter der Kleidung.<br \/>\nAuch hier bin ich ein Exot, es stehen nur Wohnmobile und Anh\u00e4nger hier rum. Vor und hinter mir wird Boule gespielt. Einer der Herren sagt immer nur &#8222;jjjjja!&#8220; bei jedem Wurf, ich nehme daher an, dass es Meister ihres Fachs sind. Manchmal wird auch ein etwas l\u00e4nger gezogenes &#8222;jjjjjaaaa&#8220; gefolgt von einem zackigen &#8222;ja!&#8220;.<br \/>\nEs gibt hier allerhand Tauben, ich hoffe mein Zelt ist morgen nicht so schmutzig. Dazwischen ist auch ein kleines gr\u00fcnes Papageienp\u00e4rchen. H\u00fcbsche V\u00f6gel. Machen allerdings h\u00e4ssliche Ger\u00e4usche. Ausgleichende Gerechtigkeit. Tja, was mache ich jetzt mal. Hab mir eine spanische Zeitung gekauft. Das ist wie ein Bilderr\u00e4tsel. Die Bilder verstehe ich, der Rest ist mir r\u00e4tselhaft. Aber vielleicht bringt es ja was. Mittlerweile haben sich die Herren leider aus meinem Blickfeld geboult. Mein Blick am Heck meines Zeltes:<\/p>\n<p><a href=\"http:\/\/menina-unterwegs.de\/wp-content\/uploads\/2014\/05\/20140514-153818.jpg\"><img decoding=\"async\" src=\"http:\/\/menina-unterwegs.de\/wp-content\/uploads\/2014\/05\/20140514-153818.jpg\" alt=\"20140514-153818.jpg\" class=\"alignnone size-full\" \/><\/a><\/p>\n<p><a class=\"geolocation-link\" href=\"#\" id=\"geolocation548\" name=\"42.236666,3.122574\" onclick=\"return false;\">Posted from here.<\/a><\/p>\n","protected":false},"excerpt":{"rendered":"<p>Tour anzeigen Wie auch meine blaue Matte, h\u00e4lt mich nichts mehr auf diesem Campingplatz. Ich mache mich also auf den Weg. Der Wind kommt erstmal haupts\u00e4chlich von vorne. Ich freue mich, dass ich am Berg ein im Windschatten tr\u00e4ge vor sich hinrollendes Taschentuch \u00fcberhole. Aber einfach war das nicht. Auf einmal bin ich raus aus &hellip; <a href=\"http:\/\/menina-unterwegs.de\/?p=548\" class=\"more-link\"><span class=\"screen-reader-text\">Tag 48. Port de la selva &#8211; Empuriabrava<\/span> weiterlesen <span class=\"meta-nav\">&rarr;<\/span><\/a><\/p>\n","protected":false},"author":2,"featured_media":0,"comment_status":"open","ping_status":"open","sticky":false,"template":"","format":"standard","meta":{"ngg_post_thumbnail":0,"footnotes":""},"categories":[1],"tags":[],"class_list":["post-548","post","type-post","status-publish","format-standard","hentry","category-tour"],"jetpack_featured_media_url":"","_links":{"self":[{"href":"http:\/\/menina-unterwegs.de\/index.php?rest_route=\/wp\/v2\/posts\/548","targetHints":{"allow":["GET"]}}],"collection":[{"href":"http:\/\/menina-unterwegs.de\/index.php?rest_route=\/wp\/v2\/posts"}],"about":[{"href":"http:\/\/menina-unterwegs.de\/index.php?rest_route=\/wp\/v2\/types\/post"}],"author":[{"embeddable":true,"href":"http:\/\/menina-unterwegs.de\/index.php?rest_route=\/wp\/v2\/users\/2"}],"replies":[{"embeddable":true,"href":"http:\/\/menina-unterwegs.de\/index.php?rest_route=%2Fwp%2Fv2%2Fcomments&post=548"}],"version-history":[{"count":1,"href":"http:\/\/menina-unterwegs.de\/index.php?rest_route=\/wp\/v2\/posts\/548\/revisions"}],"predecessor-version":[{"id":549,"href":"http:\/\/menina-unterwegs.de\/index.php?rest_route=\/wp\/v2\/posts\/548\/revisions\/549"}],"wp:attachment":[{"href":"http:\/\/menina-unterwegs.de\/index.php?rest_route=%2Fwp%2Fv2%2Fmedia&parent=548"}],"wp:term":[{"taxonomy":"category","embeddable":true,"href":"http:\/\/menina-unterwegs.de\/index.php?rest_route=%2Fwp%2Fv2%2Fcategories&post=548"},{"taxonomy":"post_tag","embeddable":true,"href":"http:\/\/menina-unterwegs.de\/index.php?rest_route=%2Fwp%2Fv2%2Ftags&post=548"}],"curies":[{"name":"wp","href":"https:\/\/api.w.org\/{rel}","templated":true}]}}