{"id":522,"date":"2014-05-11T20:13:28","date_gmt":"2014-05-11T18:13:28","guid":{"rendered":"http:\/\/menina-unterwegs.de\/?p=522"},"modified":"2014-05-11T20:13:29","modified_gmt":"2014-05-11T18:13:29","slug":"tag-45-argeles-sur-mer-cerbere","status":"publish","type":"post","link":"http:\/\/menina-unterwegs.de\/?p=522","title":{"rendered":"Tag 45. Argel\u00e8s-sur-mer &#8211; Cerb\u00e8re"},"content":{"rendered":"<p><iframe loading=\"lazy\" width=\"100%\" height=\"450\" frameborder=\"0\" scrolling=\"no\" marginheight=\"0\" marginwidth=\"0\" src=\"http:\/\/www.komoot.de\/tour\/tour\/2765723?embed&utm_campaign=wpplugin\"><a href=\"http:\/\/www.komoot.de\/tour\/tour\/2765723?utm_campaign=wpplugin\">Tour anzeigen<\/a><\/iframe><\/p>\n<p>Kurze Strecke heute, daf\u00fcr ein wenig mehr hoch und runter als in den letzten Tagen. Nachts neue Freunde im sanit\u00e4rhaus gefunden:<\/p>\n<p><a href=\"http:\/\/menina-unterwegs.de\/wp-content\/uploads\/2014\/05\/20140511-195106.jpg\"><img decoding=\"async\" src=\"http:\/\/menina-unterwegs.de\/wp-content\/uploads\/2014\/05\/20140511-195106.jpg\" alt=\"20140511-195106.jpg\" class=\"alignnone size-full\" \/><\/a><br \/>\nWirklich niedlich. Das Ding ist nur 10cm lang und lag platt auf dem Boden. Die gro\u00dfen waren an den W\u00e4nden. Naja, der muss sich wohl auch erstmal hocharbeiten. Nachdem ich also mit dem Handy Jagt auf die Geckos gemacht hatte, war ich so orientierungslos wie eine Motte am Licht. Das Sanit\u00e4tshaus hatte \u00fcberall Eing\u00e4nge und sah auch \u00fcberall gleich aus. Ich bin auf mysteri\u00f6seweise immer wieder an dem gleichen Ein- bzw. Ausgang gelandet. Das kann einen schonmal verr\u00fcckt machen, vor allem Nachts um zwei. Endlich den richtigen Weg gefunden und wieder ab ins Zelt. Um f\u00fcnf und halb sieben musste ich dann nochmal auf Klo. Ich wei\u00df nicht ob aus Verwirrung oder weil mein Gehirn den Weg nochmal nachvollziehen wollte. Nun ja.<br \/>\nMorgens Regen. Halb so schlimm, es ist so warm und dr\u00fcckend, dass ich mich fast schon freue. Selbst die Ameisen torkeln tr\u00e4ge dahin. Jedenfalls die, die aus meinen Schuhen krabbeln &#8230; Eine einzelne M\u00fccke versucht sich an einer Perforation meiner Haut, wird das aber in Zukunft eher sein lassen. F\u00fcr immer.<br \/>\nLos geht&#8217;s. Nach der ersten Steigung halte ich an der vielbefahrenen Strasse an und ziehe mein thermounterhemd aus. Das habe ich wohlgemerkt noch unter meinem T-Shirt (das hier \u00fcbrigens Tee-Shirt genannt wird. Blo\u00df keine Anglizismen hier. Nur Wochenende nennen sie dann &#8222;le Week-end&#8220; l\u00f6 wiiik\u00e4nt, gesprochen). Jetzt k\u00f6nnen die Pyren\u00e4en kommen, denke ich, und zack! da sind sie auch schon, hinter der n\u00e4chsten Kurve geht es hoch und h\u00f6her. Bis ich endlich da ankomme:<\/p>\n<p><a href=\"http:\/\/menina-unterwegs.de\/wp-content\/uploads\/2014\/05\/20140511-200429.jpg\"><img decoding=\"async\" src=\"http:\/\/menina-unterwegs.de\/wp-content\/uploads\/2014\/05\/20140511-200429.jpg\" alt=\"20140511-200429.jpg\" class=\"alignnone size-full\" \/><\/a><\/p>\n<p><a href=\"http:\/\/menina-unterwegs.de\/wp-content\/uploads\/2014\/05\/20140511-200510.jpg\"><img decoding=\"async\" src=\"http:\/\/menina-unterwegs.de\/wp-content\/uploads\/2014\/05\/20140511-200510.jpg\" alt=\"20140511-200510.jpg\" class=\"alignnone size-full\" \/><\/a><\/p>\n<p><a href=\"http:\/\/menina-unterwegs.de\/wp-content\/uploads\/2014\/05\/20140511-200518.jpg\"><img decoding=\"async\" src=\"http:\/\/menina-unterwegs.de\/wp-content\/uploads\/2014\/05\/20140511-200518.jpg\" alt=\"20140511-200518.jpg\" class=\"alignnone size-full\" \/><\/a><br \/>\nDer Wind ist so stark, dass ich nichtmal bergab sonderlich schnell vorankomme und dann auch kaum bremsen muss. Das trifft sich gut, meine Bremse vorne gibt n\u00e4mlich schleifende Ger\u00e4usche von sich. Die Strecke ist reichlich kurz, finde ich aber nicht ganz so schlimm. Der Platz, auf den ich wollte hat zu, daher Hotel. Eine super Entscheidung, denn ich bekomme das hier:<\/p>\n<p><a href=\"http:\/\/menina-unterwegs.de\/wp-content\/uploads\/2014\/05\/20140511-200949.jpg\"><img decoding=\"async\" src=\"http:\/\/menina-unterwegs.de\/wp-content\/uploads\/2014\/05\/20140511-200949.jpg\" alt=\"20140511-200949.jpg\" class=\"alignnone size-full\" \/><\/a><br \/>\nUnd das hier:<\/p>\n<p><a href=\"http:\/\/menina-unterwegs.de\/wp-content\/uploads\/2014\/05\/20140511-201021.jpg\"><img decoding=\"async\" src=\"http:\/\/menina-unterwegs.de\/wp-content\/uploads\/2014\/05\/20140511-201021.jpg\" alt=\"20140511-201021.jpg\" class=\"alignnone size-full\" \/><\/a><br \/>\nDer Blick vom Balkon. Also ehrlich, besser geht&#8217;s doch gar nicht. Und morgen noch ein Petit dejeuner. Jetzt liege ich seit gef\u00fchlten Ewigkeiten auf dem Bett und kann mich mal wieder nicht von Fernseher weg bewegen. Dabei muss ich eigentlich schon seit Stunden was essen. Aber der Gedanke entfleucht mir irgendwie immer wieder, w\u00e4hrend ich auf die bunten Bilder starre. Immerhin hab ich es geschafft noch was zu schreiben. Und ab und zu drehe ich auch mal den Kopf und gucke raus \ud83d\ude42<\/p>\n<p><a href=\"http:\/\/menina-unterwegs.de\/wp-content\/uploads\/2014\/05\/20140511-201313.jpg\"><img decoding=\"async\" src=\"http:\/\/menina-unterwegs.de\/wp-content\/uploads\/2014\/05\/20140511-201313.jpg\" alt=\"20140511-201313.jpg\" class=\"alignnone size-full\" \/><\/a><\/p>\n<p><a class=\"geolocation-link\" href=\"#\" id=\"geolocation522\" name=\"42.440335,3.168203\" onclick=\"return false;\">Posted from here.<\/a><\/p>\n","protected":false},"excerpt":{"rendered":"<p>Tour anzeigen Kurze Strecke heute, daf\u00fcr ein wenig mehr hoch und runter als in den letzten Tagen. Nachts neue Freunde im sanit\u00e4rhaus gefunden: Wirklich niedlich. Das Ding ist nur 10cm lang und lag platt auf dem Boden. Die gro\u00dfen waren an den W\u00e4nden. Naja, der muss sich wohl auch erstmal hocharbeiten. Nachdem ich also mit &hellip; <a href=\"http:\/\/menina-unterwegs.de\/?p=522\" class=\"more-link\"><span class=\"screen-reader-text\">Tag 45. Argel\u00e8s-sur-mer &#8211; Cerb\u00e8re<\/span> weiterlesen <span class=\"meta-nav\">&rarr;<\/span><\/a><\/p>\n","protected":false},"author":2,"featured_media":0,"comment_status":"open","ping_status":"open","sticky":false,"template":"","format":"standard","meta":{"ngg_post_thumbnail":0,"footnotes":""},"categories":[1],"tags":[],"class_list":["post-522","post","type-post","status-publish","format-standard","hentry","category-tour"],"jetpack_featured_media_url":"","_links":{"self":[{"href":"http:\/\/menina-unterwegs.de\/index.php?rest_route=\/wp\/v2\/posts\/522","targetHints":{"allow":["GET"]}}],"collection":[{"href":"http:\/\/menina-unterwegs.de\/index.php?rest_route=\/wp\/v2\/posts"}],"about":[{"href":"http:\/\/menina-unterwegs.de\/index.php?rest_route=\/wp\/v2\/types\/post"}],"author":[{"embeddable":true,"href":"http:\/\/menina-unterwegs.de\/index.php?rest_route=\/wp\/v2\/users\/2"}],"replies":[{"embeddable":true,"href":"http:\/\/menina-unterwegs.de\/index.php?rest_route=%2Fwp%2Fv2%2Fcomments&post=522"}],"version-history":[{"count":1,"href":"http:\/\/menina-unterwegs.de\/index.php?rest_route=\/wp\/v2\/posts\/522\/revisions"}],"predecessor-version":[{"id":523,"href":"http:\/\/menina-unterwegs.de\/index.php?rest_route=\/wp\/v2\/posts\/522\/revisions\/523"}],"wp:attachment":[{"href":"http:\/\/menina-unterwegs.de\/index.php?rest_route=%2Fwp%2Fv2%2Fmedia&parent=522"}],"wp:term":[{"taxonomy":"category","embeddable":true,"href":"http:\/\/menina-unterwegs.de\/index.php?rest_route=%2Fwp%2Fv2%2Fcategories&post=522"},{"taxonomy":"post_tag","embeddable":true,"href":"http:\/\/menina-unterwegs.de\/index.php?rest_route=%2Fwp%2Fv2%2Ftags&post=522"}],"curies":[{"name":"wp","href":"https:\/\/api.w.org\/{rel}","templated":true}]}}