{"id":506,"date":"2014-05-09T16:12:23","date_gmt":"2014-05-09T14:12:23","guid":{"rendered":"http:\/\/menina-unterwegs.de\/?p=506"},"modified":"2014-05-09T16:12:23","modified_gmt":"2014-05-09T14:12:23","slug":"tag-43-port-la-nouvelle-argeles-sur-mer","status":"publish","type":"post","link":"http:\/\/menina-unterwegs.de\/?p=506","title":{"rendered":"Tag 43. Port-la-Nouvelle &#8211; Argel\u00e8s-sur-mer"},"content":{"rendered":"<p><iframe loading=\"lazy\" width=\"100%\" height=\"450\" frameborder=\"0\" scrolling=\"no\" marginheight=\"0\" marginwidth=\"0\" src=\"http:\/\/www.komoot.de\/tour\/tour\/2754744?embed&utm_campaign=wpplugin\"><a href=\"http:\/\/www.komoot.de\/tour\/tour\/2754744?utm_campaign=wpplugin\">Tour anzeigen<\/a><\/iframe><\/p>\n<p>Heute gibt es nicht viel zu berichten. Ich bin total erledigt. Hatte viel Wind, nicht nur von hinten. Aber zu schaffen macht mir die Sonne. Ich wei\u00df, ihr in Hamburg h\u00e4ttet gerne mehr davon, aber hier ist es etwas anstrengend. Kaum trinke ich was, ist mein Mund auch schon wieder ausgetrocknet und die hei\u00dfe Luft brennt in den Augen. Ich m\u00f6chte mal gar nicht wissen, wie sich der K\u00e4se und die Margarine in meiner Tasche f\u00fchlt. Naja, mir ist egal, welche Form oder Aggregatzustand beides hat. Wird trotzdem gegessen. Meine Fahrradtaschen sind zwar noch wei\u00df (was wirklich etwas bringt, w\u00e4rmem\u00e4\u00dfig), haben aber viele kleine rote Striche seit gestern. Diese winzigen roten Spinnchen wollen aber auch nicht weggewischt werden. Statt dessen werden sie immer gleich zermatscht. Da hilft auch die hohe Kunst des Schnippens nicht weiter.<br \/>\nNun ja, die ersten drei\u00dfig km sind eine Qu\u00e4lerei, genauso wie die Folgenden. Immerhin hab ich auf dem Weg eine Schlange gesehen, bestimmt 50cm lang und gr\u00fcn. Und ich h\u00e4tte aus Versehen beinahe eine Eidechse \u00fcberfahren. Das muss man erstmal schaffen, die sind wirklich schnell. F\u00fcr \u00fcberfahrene K\u00e4fer oder Spinnen, die nichtsahnend die Stra\u00dfe \u00fcberqueren, kann ich mir schon an die hundert Kerben ins Rad ritzen. Bei den Spinnen habe ich allerdings jedes mal Sorge, dass sie \u00fcberleben, am Reifen festkleben und mir dann als zentrifugal beschleunigtes Gescho\u00df im Gesicht landen.<br \/>\nUnd dann sehe ich die Pyren\u00e4en. <\/p>\n<p><a href=\"http:\/\/menina-unterwegs.de\/wp-content\/uploads\/2014\/05\/20140509-155803.jpg\"><img decoding=\"async\" src=\"http:\/\/menina-unterwegs.de\/wp-content\/uploads\/2014\/05\/20140509-155803.jpg\" alt=\"20140509-155803.jpg\" class=\"alignnone size-full\" \/><\/a><br \/>\nNaja, da muss ich nat\u00fcrlich nicht r\u00fcber. W\u00e4r jetzt auch bl\u00f6d, ich hab meinen dicken Pullover und die lange Unterhose jetzt weggeschmissen. Die Jeans auch gleich. Und ein paar Unterhosen. Meine Strecke geht irgendwo da an der K\u00fcste lang:<\/p>\n<p><a href=\"http:\/\/menina-unterwegs.de\/wp-content\/uploads\/2014\/05\/20140509-160014.jpg\"><img decoding=\"async\" src=\"http:\/\/menina-unterwegs.de\/wp-content\/uploads\/2014\/05\/20140509-160014.jpg\" alt=\"20140509-160014.jpg\" class=\"alignnone size-full\" \/><\/a><br \/>\nJetzt bin ich auf dem Campingplatz. Ein wirklich netter Platz. Auch der gro\u00df und furchtbar leer. Ich habe Schatten und gleich kaufe ich mir was kaltes zu trinken. Das Highlight des Tages :-). <\/p>\n<p><a href=\"http:\/\/menina-unterwegs.de\/wp-content\/uploads\/2014\/05\/20140509-160656.jpg\"><img decoding=\"async\" src=\"http:\/\/menina-unterwegs.de\/wp-content\/uploads\/2014\/05\/20140509-160656.jpg\" alt=\"20140509-160656.jpg\" class=\"alignnone size-full\" \/><\/a><\/p>\n<p><video src=\"http:\/\/menina-unterwegs.de\/wp-content\/uploads\/2014\/05\/20140509-160950.mov\" controls=\"controls\" width=\"640\" height=\"360\">Your browser does not support the video tag<\/video><\/p>\n<p><a class=\"geolocation-link\" href=\"#\" id=\"geolocation506\" name=\"42.578385,3.042565\" onclick=\"return false;\">Posted from here.<\/a><\/p>\n","protected":false},"excerpt":{"rendered":"<p>Tour anzeigen Heute gibt es nicht viel zu berichten. Ich bin total erledigt. Hatte viel Wind, nicht nur von hinten. Aber zu schaffen macht mir die Sonne. Ich wei\u00df, ihr in Hamburg h\u00e4ttet gerne mehr davon, aber hier ist es etwas anstrengend. Kaum trinke ich was, ist mein Mund auch schon wieder ausgetrocknet und die &hellip; <a href=\"http:\/\/menina-unterwegs.de\/?p=506\" class=\"more-link\"><span class=\"screen-reader-text\">Tag 43. Port-la-Nouvelle &#8211; Argel\u00e8s-sur-mer<\/span> weiterlesen <span class=\"meta-nav\">&rarr;<\/span><\/a><\/p>\n","protected":false},"author":2,"featured_media":0,"comment_status":"open","ping_status":"open","sticky":false,"template":"","format":"standard","meta":{"ngg_post_thumbnail":0,"footnotes":""},"categories":[1],"tags":[],"class_list":["post-506","post","type-post","status-publish","format-standard","hentry","category-tour"],"jetpack_featured_media_url":"","_links":{"self":[{"href":"http:\/\/menina-unterwegs.de\/index.php?rest_route=\/wp\/v2\/posts\/506","targetHints":{"allow":["GET"]}}],"collection":[{"href":"http:\/\/menina-unterwegs.de\/index.php?rest_route=\/wp\/v2\/posts"}],"about":[{"href":"http:\/\/menina-unterwegs.de\/index.php?rest_route=\/wp\/v2\/types\/post"}],"author":[{"embeddable":true,"href":"http:\/\/menina-unterwegs.de\/index.php?rest_route=\/wp\/v2\/users\/2"}],"replies":[{"embeddable":true,"href":"http:\/\/menina-unterwegs.de\/index.php?rest_route=%2Fwp%2Fv2%2Fcomments&post=506"}],"version-history":[{"count":1,"href":"http:\/\/menina-unterwegs.de\/index.php?rest_route=\/wp\/v2\/posts\/506\/revisions"}],"predecessor-version":[{"id":507,"href":"http:\/\/menina-unterwegs.de\/index.php?rest_route=\/wp\/v2\/posts\/506\/revisions\/507"}],"wp:attachment":[{"href":"http:\/\/menina-unterwegs.de\/index.php?rest_route=%2Fwp%2Fv2%2Fmedia&parent=506"}],"wp:term":[{"taxonomy":"category","embeddable":true,"href":"http:\/\/menina-unterwegs.de\/index.php?rest_route=%2Fwp%2Fv2%2Fcategories&post=506"},{"taxonomy":"post_tag","embeddable":true,"href":"http:\/\/menina-unterwegs.de\/index.php?rest_route=%2Fwp%2Fv2%2Ftags&post=506"}],"curies":[{"name":"wp","href":"https:\/\/api.w.org\/{rel}","templated":true}]}}