{"id":494,"date":"2014-05-08T12:49:25","date_gmt":"2014-05-08T10:49:25","guid":{"rendered":"http:\/\/menina-unterwegs.de\/?p=494"},"modified":"2014-05-08T19:04:09","modified_gmt":"2014-05-08T17:04:09","slug":"tag-42-serignan-port-la-nouvelle","status":"publish","type":"post","link":"http:\/\/menina-unterwegs.de\/?p=494","title":{"rendered":"Tag 42. S\u00e9rignan &#8211; Port-La-Nouvelle"},"content":{"rendered":"<p><iframe loading=\"lazy\" width=\"100%\" height=\"450\" frameborder=\"0\" scrolling=\"no\" marginheight=\"0\" marginwidth=\"0\" src=\"http:\/\/www.komoot.de\/tour\/etappe-28-s\u00e9rignan-Port-la-nouvelle\/2279185?embed&utm_campaign=wpplugin\"><a href=\"http:\/\/www.komoot.de\/tour\/etappe-28-s\u00e9rignan-Port-la-nouvelle\/2279185?utm_campaign=wpplugin\">Tour anzeigen<\/a><\/iframe><\/p>\n<p>Weiter geht es am Meer. Ich habe mich fast komplett mit Sonnencreme eingeschmiert, seit gestern sind mein Gesicht und meine Beine leicht ger\u00f6tet. Es weht kein besonderer Wind, daher sind viele Tierchen in meinem Weg, die fast alle an meinen UV-gesch\u00fctzten Lippen kleben bleiben.  Ein unvergessliches Erlebnis &#8230; Au\u00dferdem habe ich entweder diverse kleine Spinnen schon vom Campingplatz mitgenommen oder sie liegen einfach so in der Luft. St\u00e4ndig ziehe ich mir d\u00fcnne F\u00e4dchen aus dem Gesicht und von den Armen. Ich habe sicher schon f\u00fcnf Spinnen von mir gesammelt. Heute morgen hatte ich hunderte kleiner Schnecken an meinem Zelt. Niedlich, aber irgendwie nervig. <\/p>\n<p><a href=\"http:\/\/menina-unterwegs.de\/wp-content\/uploads\/2014\/05\/20140508-123421.jpg\"><img decoding=\"async\" src=\"http:\/\/menina-unterwegs.de\/wp-content\/uploads\/2014\/05\/20140508-123421.jpg\" alt=\"20140508-123421.jpg\" class=\"alignnone size-full\" \/><\/a><\/p>\n<p>Ich habe au\u00dferdem beschlossen, nicht mehr st\u00e4ndig auf mein Hinterrad zu starren, in Erwartung des n\u00e4chsten Speichenbruchs. Kommen wird er sowieso, da kann ich auch versuchen, die zeit bis dahin zu entspannen. Das scheint meine momentane Herausforderung zu sein. Entspannen und die Dinge auf mich zukommen lassen. Keine einfache Sache.<br \/>\nIch mache Pause am Meer. Klingt doch irgendwie gut. Wer kann das schon mal einfach so behaupten (ich wei\u00df, in Hamburg ist das Wetter mies). <\/p>\n<p><a href=\"http:\/\/menina-unterwegs.de\/wp-content\/uploads\/2014\/05\/20140508-123657.jpg\"><img decoding=\"async\" src=\"http:\/\/menina-unterwegs.de\/wp-content\/uploads\/2014\/05\/20140508-123657.jpg\" alt=\"20140508-123657.jpg\" class=\"alignnone size-full\" \/><\/a><\/p>\n<p>Es ist an der Strandpromenade einiges los. Ein Flohmarkt, ein Markt mit Lebensmitteln und \u00fcberhaupt unheimlich viele Leute. Mittlerweile sehe oder h\u00f6re ich nur noch selten Deutsche. Haupts\u00e4chlich Franzosen und Niederl\u00e4nder. Aber es ist nett, die Menschen hier zu beobachten. Eine Familie kommt vom Strand, die ist nun gerade mal deutsch, deswegen verstehe ich den kleinen Jungen als er zum Vater sagt: &#8222;Guck mal Papa, (er deutet auf die Fitnessger\u00e4te, die hier ganz in californischer Manier \u00f6ffentlich nutzbar sind), mach das doch mal. Dann wirst du d\u00fcnner und kannst wieder mehr essen!&#8220; Charmant. Papa macht nur &#8222;hm&#8220; und geht weiter. Ich sitze auf einer kleinen Treppe neben dem Eingang zum Strand. Ein sehr kleiner Hund, der sich offenbar nicht zwischen Ratte und Fu\u00dfabtreter entscheiden kann, hechelt mich aufgeregt an. Das Herrchen ruft ihn zur\u00fcck. Ich verstehe nur &#8222;pupu&#8220;. Ja genau, denke ich, so siehst du auch aus. Wie ein pupu auf der Windschutzscheibe. Aber er scheint eine Frohnatur zu sein. Das freut mich.<br \/>\nIch muss wohl mal weiter, obwohl ich eigentlich keine Lust habe. Aber das \u00f6ffentliche Klo ist geschlossen und meine Blase ist \u00fcberhaupt nicht d&#8217;accord damit. <\/p>\n<p><a href=\"http:\/\/menina-unterwegs.de\/wp-content\/uploads\/2014\/05\/20140508-124820.jpg\"><img decoding=\"async\" src=\"http:\/\/menina-unterwegs.de\/wp-content\/uploads\/2014\/05\/20140508-124820.jpg\" alt=\"20140508-124820.jpg\" class=\"alignnone size-full\" \/><\/a><br \/>\nUnd bedenke dies, gesch\u00e4tzter Radfahrer auf reisen: wenn du einen dringend ben\u00f6tigten Schluck aus deiner gut gef\u00fcllten Wasserflasche nimmst, indem du sie kr\u00e4ftig zusammendr\u00fcckst, so dass ein dicker Strahl mittelkalten Wassers deinen Mund k\u00f6stlich f\u00fcllt, schlie\u00dfe denselbigen beizeiten, denn sonst besteht die M\u00f6glichkeit, dass du aussiehst, als ob du deinen Drang, dich zu erleichtern direkt und ohne Pause erledigt hast. <\/p>\n<p>Na also da bin ich doch endlich angekommen. Zwischendurch Abenteuerpassagen wie diese hier:<\/p>\n<p><a href=\"http:\/\/menina-unterwegs.de\/wp-content\/uploads\/2014\/05\/20140508-174642.jpg\"><img decoding=\"async\" src=\"http:\/\/menina-unterwegs.de\/wp-content\/uploads\/2014\/05\/20140508-174642.jpg\"alt=\"20140508-174642.jpg\" class=\"alignnone size-full\" \/><\/a><\/p>\n<p>Jetzt bin ich auf einem Platz, der wohl eigentlich nicht so f\u00fcr Zelte und Camper gedacht ist. Ich habe mehr oder weniger einen Parkplatz zwischen zwei Mietwohncontainern. Egal, ist nur f\u00fcr eine Nacht. Dann mal duschen und essen. Daf\u00fcr muss ich erstmal ein Baguette kaufen, ich gew\u00f6hne mich langsam ans Baguette mit K\u00e4se und Wurst essen, statt zu kochen. Ich kann da sehr konsequent sein, das wissen die Kollegen am besten :-). Also bestelle ich ein Baguette nehme mir noch eine eiskalte Cola. Ich liebe eiskalte Cola. Als alter Hase, was das &#8222;BaguetteK\u00e4seWurst-Abendbrot&#8220; angeht, kann ich nur sagen, es gibt dazu nichts besseres als eine kalte Cola. Wie auch immer, ich w\u00fcnsche der Verk\u00e4uferin einen &#8222;bonne soir\u00e9e&#8220;, weil ich das mittlerweile so gelernt habe. Oh. Da ist sie erstaunt. Und antwortet strahlend &#8222;pour vous aussi&#8220; f\u00fcr Sie auch. Ach ist das sch\u00f6n, h\u00f6flich zu sein. Also ab an den Strand. Ewig breiter Autostrand, bis endlich mal weicher Sand kommt und da ist dann auch schon das Meer. Ich packe meine Sachen aus und genie\u00dfe den ersten Schluck Cola. Dann immer ein viertel Baguette mit K\u00e4se, eins mit Wurst. K\u00e4se, Wurst, K\u00e4se, Wurst. Baguette weg. Problem. Wie kann denn das so schnell &#8230; also wirklich, das war doch eben noch &#8230; ? Na gut, ich bin auch satt  :-). Irgendwie ist noch ein kleiner Rest Cola in der Dose. Ich kann ihn genau sehen. Aber egal wie ich sie Dose auch drehe und wende, der Rest kommt nicht raus. Und wie es immer so ist, entl\u00e4sst die \u00e4ngstlich f\u00fcrsorgliche Dose ihren Rest erst in der gesicherten Umgebung einer T\u00fcte oder gerne auch eines Rucksacks, in der oder dem sich noch andere Lebensmittel zur Aufbewahrung befinden. Wer in diesem Blog universelle Weisheiten sucht &#8211; das ist eine davon. <\/p>\n<p><a href=\"http:\/\/menina-unterwegs.de\/wp-content\/uploads\/2014\/05\/20140508-181046.jpg\"><img decoding=\"async\" src=\"http:\/\/menina-unterwegs.de\/wp-content\/uploads\/2014\/05\/20140508-181046.jpg\" alt=\"20140508-181046.jpg\" class=\"alignnone size-full\" \/><\/a><br \/>\nIch liege nun also am Strand auf der blauen Matte, ignoriere Den Wind und genie\u00dfe die Abendsonne, tr\u00e4ume entspannt vor mich hin, als mir jemand eine Zunge ins Ohr steckt. &#8222;Julie&#8220; ist eine reichlich gro\u00dfe schwarze  H\u00fcndin, die gerade von ihrer Besitzerin aufgeregt zur\u00fcck gerufen wird. Tja, Julie ist ganz begeistert von mir. &#8222;Sie ist immer so schrecklich &#8230;&#8220; Mehr verstehe ich von dem Satz der Besitzerin nicht. Ich kann mir den Rest aber denken. &#8220; &#8230; schrecklich &#8230;&#8220; Sabbernd? Grenz\u00fcberschreitend? Ohrenfixiert? &#8222;Pas de probl\u00e8me&#8220; sage ich gro\u00dfz\u00fcgig und lege mich mit einem Sabbersand-Gemisch wieder zur\u00fcck auf die Matte. Sauberkeit wird aber auch wirklich grenzenlos \u00fcberbewertet. Gute Nacht<\/p>\n<p><a class=\"geolocation-link\" href=\"#\" id=\"geolocation494\" name=\"43.152356,3.161666\" onclick=\"return false;\">Posted from here.<\/a><\/p>\n","protected":false},"excerpt":{"rendered":"<p>Tour anzeigen Weiter geht es am Meer. Ich habe mich fast komplett mit Sonnencreme eingeschmiert, seit gestern sind mein Gesicht und meine Beine leicht ger\u00f6tet. Es weht kein besonderer Wind, daher sind viele Tierchen in meinem Weg, die fast alle an meinen UV-gesch\u00fctzten Lippen kleben bleiben. Ein unvergessliches Erlebnis &#8230; Au\u00dferdem habe ich entweder diverse &hellip; <a href=\"http:\/\/menina-unterwegs.de\/?p=494\" class=\"more-link\"><span class=\"screen-reader-text\">Tag 42. S\u00e9rignan &#8211; Port-La-Nouvelle<\/span> weiterlesen <span class=\"meta-nav\">&rarr;<\/span><\/a><\/p>\n","protected":false},"author":2,"featured_media":0,"comment_status":"open","ping_status":"open","sticky":false,"template":"","format":"standard","meta":{"ngg_post_thumbnail":0,"footnotes":""},"categories":[1],"tags":[],"class_list":["post-494","post","type-post","status-publish","format-standard","hentry","category-tour"],"jetpack_featured_media_url":"","_links":{"self":[{"href":"http:\/\/menina-unterwegs.de\/index.php?rest_route=\/wp\/v2\/posts\/494","targetHints":{"allow":["GET"]}}],"collection":[{"href":"http:\/\/menina-unterwegs.de\/index.php?rest_route=\/wp\/v2\/posts"}],"about":[{"href":"http:\/\/menina-unterwegs.de\/index.php?rest_route=\/wp\/v2\/types\/post"}],"author":[{"embeddable":true,"href":"http:\/\/menina-unterwegs.de\/index.php?rest_route=\/wp\/v2\/users\/2"}],"replies":[{"embeddable":true,"href":"http:\/\/menina-unterwegs.de\/index.php?rest_route=%2Fwp%2Fv2%2Fcomments&post=494"}],"version-history":[{"count":5,"href":"http:\/\/menina-unterwegs.de\/index.php?rest_route=\/wp\/v2\/posts\/494\/revisions"}],"predecessor-version":[{"id":501,"href":"http:\/\/menina-unterwegs.de\/index.php?rest_route=\/wp\/v2\/posts\/494\/revisions\/501"}],"wp:attachment":[{"href":"http:\/\/menina-unterwegs.de\/index.php?rest_route=%2Fwp%2Fv2%2Fmedia&parent=494"}],"wp:term":[{"taxonomy":"category","embeddable":true,"href":"http:\/\/menina-unterwegs.de\/index.php?rest_route=%2Fwp%2Fv2%2Fcategories&post=494"},{"taxonomy":"post_tag","embeddable":true,"href":"http:\/\/menina-unterwegs.de\/index.php?rest_route=%2Fwp%2Fv2%2Ftags&post=494"}],"curies":[{"name":"wp","href":"https:\/\/api.w.org\/{rel}","templated":true}]}}