{"id":489,"date":"2014-05-07T13:01:19","date_gmt":"2014-05-07T11:01:19","guid":{"rendered":"http:\/\/menina-unterwegs.de\/?p=489"},"modified":"2014-05-07T13:01:19","modified_gmt":"2014-05-07T11:01:19","slug":"tag-41-serignan","status":"publish","type":"post","link":"http:\/\/menina-unterwegs.de\/?p=489","title":{"rendered":"Tag 41. S\u00e9rignan"},"content":{"rendered":"<p>Nach dem Aufstehen (ich konnte um halb sieben nicht mehr schlafen) gehe ich erstmal zum anderen Ende des Campingplatzes, um bei der Rezeption Bescheid zu sagen, dass ich noch eine Nacht bleibe. Dann zum B\u00e4cker und ein Baguette kaufen. Ich wei\u00df gar nicht so recht, ob ich es brauche, aber eins zu haben f\u00fchlt sich gut an. Auf dem R\u00fcckweg knabbere ich schonmal sehns\u00fcchtig an einem Ende, denn die lange Wanderung macht mich hungrig.  Zur\u00fcck am Zelt erstmal Fr\u00fchst\u00fcck. Dann wieder Richtung B\u00e4cker, um eine Zeitung zu kaufen. Dann wieder zur\u00fcck und die Sachen f\u00fcr den Strand packen. Es ist mittlerweile kurz nach elf. Jetzt sitze ich im Wind am Strand und manchmal kommt sogar Sonne. Ich denke \u00fcber gestern nach und mir kommt McDonald&#8217;s in den Sinn. Ich glaube langsam hab ich genug von dem Fra\u00df.<br \/>\nIch sitze drau\u00dfen in der Kinderecke, die nicht zu \u00fcberh\u00f6ren ist. Eine Mutter ruft ihren Sohn: &#8222;Noah. Noah! Je ne suis pas d&#8217;accord!&#8220; Noah, Noah, ich bin nicht einverstanden! &#8222;Qu&#8217;est-ce que j&#8217;ai dit?!&#8220; Was habe ich gesagt?! Noah ist herzlich wenig beeindruckt, obwohl sich auf der Stirn der Mutter eine steile Falte geradezu biblischen Ausma\u00dfes bildet. Auf Noah wartet schlie\u00dflich noch gro\u00dfes. Ganz gro\u00dfes.<br \/>\nMan sieht ihm an, dass er \u00fcberlegt, ob auf der Arche tats\u00e4chlich noch genug Platz f\u00fcr seine Mutter ist.<br \/>\nEine andere Mutter ruft ihre Tochter: &#8222;Jeanne!&#8220; Jeanne h\u00f6rt aber nicht. Oder will wohl eher nicht, denn maman beginnt zu z\u00e4hlen: &#8222;Un! Deux &#8230;!&#8220; Eins, zwei. Zwischen eins und zwei ist nichtmal eine Sekunde. Jeanne kommt missmutig herangetrottet und ein Wortwechsel in mir unverst\u00e4ndlichen Zischlauten beginnt. Da stampft Jeanne krawallisch mit dem Fu\u00df auf. Ja, da zeigt sich die Herkunft des Namens, fehlt nur die R\u00fcstung und das Schwert. Vielleicht h\u00e4tte die Mutter sie lieber Veronique nennen sollen&#8230;<br \/>\nUnd so ist es wieder mal best\u00e4tigt, McDonald&#8217;s, die Wiege der Menschheit. <\/p>\n<p><a href=\"http:\/\/menina-unterwegs.de\/wp-content\/uploads\/2014\/05\/20140507-125840.jpg\"><img decoding=\"async\" src=\"http:\/\/menina-unterwegs.de\/wp-content\/uploads\/2014\/05\/20140507-125840.jpg\" alt=\"20140507-125840.jpg\" class=\"alignnone size-full\" \/><\/a><\/p>\n<p><a class=\"geolocation-link\" href=\"#\" id=\"geolocation489\" name=\"43.264214,3.328113\" onclick=\"return false;\">Posted from here.<\/a><\/p>\n","protected":false},"excerpt":{"rendered":"<p>Nach dem Aufstehen (ich konnte um halb sieben nicht mehr schlafen) gehe ich erstmal zum anderen Ende des Campingplatzes, um bei der Rezeption Bescheid zu sagen, dass ich noch eine Nacht bleibe. Dann zum B\u00e4cker und ein Baguette kaufen. Ich wei\u00df gar nicht so recht, ob ich es brauche, aber eins zu haben f\u00fchlt sich &hellip; <a href=\"http:\/\/menina-unterwegs.de\/?p=489\" class=\"more-link\"><span class=\"screen-reader-text\">Tag 41. S\u00e9rignan<\/span> weiterlesen <span class=\"meta-nav\">&rarr;<\/span><\/a><\/p>\n","protected":false},"author":2,"featured_media":0,"comment_status":"open","ping_status":"open","sticky":false,"template":"","format":"standard","meta":{"ngg_post_thumbnail":0,"footnotes":""},"categories":[1],"tags":[],"class_list":["post-489","post","type-post","status-publish","format-standard","hentry","category-tour"],"jetpack_featured_media_url":"","_links":{"self":[{"href":"http:\/\/menina-unterwegs.de\/index.php?rest_route=\/wp\/v2\/posts\/489","targetHints":{"allow":["GET"]}}],"collection":[{"href":"http:\/\/menina-unterwegs.de\/index.php?rest_route=\/wp\/v2\/posts"}],"about":[{"href":"http:\/\/menina-unterwegs.de\/index.php?rest_route=\/wp\/v2\/types\/post"}],"author":[{"embeddable":true,"href":"http:\/\/menina-unterwegs.de\/index.php?rest_route=\/wp\/v2\/users\/2"}],"replies":[{"embeddable":true,"href":"http:\/\/menina-unterwegs.de\/index.php?rest_route=%2Fwp%2Fv2%2Fcomments&post=489"}],"version-history":[{"count":1,"href":"http:\/\/menina-unterwegs.de\/index.php?rest_route=\/wp\/v2\/posts\/489\/revisions"}],"predecessor-version":[{"id":490,"href":"http:\/\/menina-unterwegs.de\/index.php?rest_route=\/wp\/v2\/posts\/489\/revisions\/490"}],"wp:attachment":[{"href":"http:\/\/menina-unterwegs.de\/index.php?rest_route=%2Fwp%2Fv2%2Fmedia&parent=489"}],"wp:term":[{"taxonomy":"category","embeddable":true,"href":"http:\/\/menina-unterwegs.de\/index.php?rest_route=%2Fwp%2Fv2%2Fcategories&post=489"},{"taxonomy":"post_tag","embeddable":true,"href":"http:\/\/menina-unterwegs.de\/index.php?rest_route=%2Fwp%2Fv2%2Ftags&post=489"}],"curies":[{"name":"wp","href":"https:\/\/api.w.org\/{rel}","templated":true}]}}