{"id":486,"date":"2014-05-06T18:35:01","date_gmt":"2014-05-06T16:35:01","guid":{"rendered":"http:\/\/menina-unterwegs.de\/?p=486"},"modified":"2014-05-06T18:35:01","modified_gmt":"2014-05-06T16:35:01","slug":"tag-40-frontignan-serignan","status":"publish","type":"post","link":"http:\/\/menina-unterwegs.de\/?p=486","title":{"rendered":"Tag 40. Frontignan &#8211; S\u00e9rignan"},"content":{"rendered":"<p><iframe loading=\"lazy\" width=\"100%\" height=\"450\" frameborder=\"0\" scrolling=\"no\" marginheight=\"0\" marginwidth=\"0\" src=\"http:\/\/www.komoot.de\/tour\/etappe-27-frontignan-s\u00e9rignan\/2279161?embed&utm_campaign=wpplugin\"><a href=\"http:\/\/www.komoot.de\/tour\/etappe-27-frontignan-s\u00e9rignan\/2279161?utm_campaign=wpplugin\">Tour anzeigen<\/a><\/iframe><\/p>\n<p>Doof&#8230;. Doofdoofdoof (komisches Wort eigentlich). Ich hab schlechte Laune. Drau\u00dfen grau. Viel Wind. Schlechte Stra\u00dfen. Ich kann teilweise nur 15kmh fahren. Zuviele Menschen. Speichenbruch. Prima. Wie soll das denn weitergehen. Jede 100km eine Speiche?! Ich hab noch vier im Rucksack. Toll. Tolltolltoll. Viel zu teure Campingpl\u00e4tze mit knallhartem Boden, wo nie und nimmer ein Hering jemals tiefer als 1,5cm drin war. Ach nee, Zelte gibts hier ja gar nicht. Sowas primitives, wer macht denn sowas?! Ach ja, die Deutschen nat\u00fcrlich. Pffft. Oui Oui, les allemandes. Hoppel hoppel hoppel \u00fcber die miesen Stra\u00dfen. Ich bin bockig. Hab die Schnauze voll. Da hilft nicht mal McDonald&#8217;s. War auch doof. Riesenverpackung, mini Burger mit Riesenbr\u00f6tchen. Daf\u00fcr wenigstens an die 20 Servietten. Die bekommt man hier, darf man sich nicht selber nehmen. Man k\u00f6nnte ja aus Versehen gesittet essen, wo kommen wir denn da hin. Der Typ im Fahrradladen labert mich voll, ich versteh kein Wort, mach einfach das Ding heil, am liebsten heute noch, WENN&#8217;S DENN GEHT!! Mannmannmann. Ich komm dann endlich am Platz an. Ein Riesending. Wenn ich keinen Plan bekommen h\u00e4tte, w\u00fcrde ich hier nie rausfinden. Beinahe w\u00e4re ich noch bei den &#8222;naturiste&#8220; Campern gelandet. Ich dachte zuerst das sei ein Campingplatz in der Natur. Bis mich ein Mann in einem H\u00e4uschen fragt, ob ich da hin will oder zu den &#8222;textil&#8220;. Na, textil, guter Mann, um Himmels Willen. Das h\u00e4tte mir gerade noch gefehlt. Also, mein Stellplatz kostet blo\u00df 19 Euro. Ha, das ist ja ein Schn\u00e4ppchen, geradezu. Ungef\u00e4hr einen Kilometer fahre ich \u00fcber den Platz, bis ich an meinem ankomme. Der ist gr\u00f6\u00dfer als so mancher Garten. Ich dusche Ewigkeiten und mache mich dann mal auf die Wanderung zum Laden und den ganzen total tollen Dingen, die man hier machen kann. Ich bin schon ganz gespannt und aufgeregt. Das wird soo toll! Tolltolltoll! Hoffentlich finde ich zur\u00fcck, bevor es dunkel wird. Ganz in blau, nat\u00fcrlich alles verschiede  Abstufungen von blau &#8211; ich bin sicher, keiner passt zu dem anderen &#8211; gehe ich auf die Reise. Super, passt zu meiner Stimmung. Nur die Socken sind schreiend gr\u00fcn. Ach ja, f\u00fcr die, die es interessiert. Das ist ein Eurocamp Campingplatz&#8230;<\/p>\n<p><a href=\"http:\/\/menina-unterwegs.de\/wp-content\/uploads\/2014\/05\/20140506-182224.jpg\"><img decoding=\"async\" src=\"http:\/\/menina-unterwegs.de\/wp-content\/uploads\/2014\/05\/20140506-182224.jpg\" alt=\"20140506-182224.jpg\" class=\"alignnone size-full\" \/><\/a><\/p>\n<p><a href=\"http:\/\/menina-unterwegs.de\/wp-content\/uploads\/2014\/05\/20140506-182419.jpg\"><img decoding=\"async\" src=\"http:\/\/menina-unterwegs.de\/wp-content\/uploads\/2014\/05\/20140506-182419.jpg\" alt=\"20140506-182419.jpg\" class=\"alignnone size-full\" \/><\/a><\/p>\n<p>Und hier die ber\u00fchmten Safarizelte von Eurocamp, dass ich das nochmal erleben durfte, so live und in Farbe:<\/p>\n<p><a href=\"http:\/\/menina-unterwegs.de\/wp-content\/uploads\/2014\/05\/20140506-182845.jpg\"><img decoding=\"async\" src=\"http:\/\/menina-unterwegs.de\/wp-content\/uploads\/2014\/05\/20140506-182845.jpg\" \nalt=\"20140506-182845.jpg\" class=\"alignnone size-full\" \/><\/a><\/p>\n<p>Also, ist das zu Glauben? Es gibt hier WLAN. Und, ich kann mein Gl\u00fcck kaum fassen, die ersten sage und schreibe 15 Minuten! sind KOSTENLOS! Nein, also wirklich. Wie wahnsinnig gro\u00dfz\u00fcgig. Jetzt aber schnell die Bilder hochladen. Ich wei\u00df gar nicht, was ich mit diesen endlos langen 15 Minuten noch machen soll. Wer l\u00e4nger will muss blo\u00df 9 Euro bezahlen. Das ist ja nun wirklich nicht viel, oder?! Soo g\u00fcnstig. Super.<br \/>\nHier noch schnell meine blaue Komposition:<\/p>\n<p><a href=\"http:\/\/menina-unterwegs.de\/wp-content\/uploads\/2014\/05\/20140506-183250.jpg\"><img decoding=\"async\" src=\"http:\/\/menina-unterwegs.de\/wp-content\/uploads\/2014\/05\/20140506-183250.jpg\" \nalt=\"20140506-183250.jpg\" class=\"alignnone size-full\" \/><\/a><br \/>\nIch mache damit eine Riesenm\u00fccke, Schnake oder wie auch immer die Dinger hei\u00dfen, ganz wuschig. Immerhin ein Erfolg an diesem Tag. Ich bleibe wohl morgen noch hier, ich hab einfach keine Lust weiterzufahren. <\/p>\n<p>Hier noch eine Nachricht an meine Oma: Oma, ich hab geh\u00f6rt, dass du meinen Blog auch immer der gespannt mitverfolgst. Das finde ich klasse :-). Wir sehen und ja bald! Viele Gr\u00fc\u00dfe!<\/p>\n<p><a class=\"geolocation-link\" href=\"#\" id=\"geolocation486\" name=\"43.265522,3.328523\" onclick=\"return false;\">Posted from here.<\/a><\/p>\n","protected":false},"excerpt":{"rendered":"<p>Tour anzeigen Doof&#8230;. Doofdoofdoof (komisches Wort eigentlich). Ich hab schlechte Laune. Drau\u00dfen grau. Viel Wind. Schlechte Stra\u00dfen. Ich kann teilweise nur 15kmh fahren. Zuviele Menschen. Speichenbruch. Prima. Wie soll das denn weitergehen. Jede 100km eine Speiche?! Ich hab noch vier im Rucksack. Toll. Tolltolltoll. Viel zu teure Campingpl\u00e4tze mit knallhartem Boden, wo nie und nimmer &hellip; <a href=\"http:\/\/menina-unterwegs.de\/?p=486\" class=\"more-link\"><span class=\"screen-reader-text\">Tag 40. Frontignan &#8211; S\u00e9rignan<\/span> weiterlesen <span class=\"meta-nav\">&rarr;<\/span><\/a><\/p>\n","protected":false},"author":2,"featured_media":0,"comment_status":"open","ping_status":"open","sticky":false,"template":"","format":"standard","meta":{"ngg_post_thumbnail":0,"footnotes":""},"categories":[1],"tags":[],"class_list":["post-486","post","type-post","status-publish","format-standard","hentry","category-tour"],"jetpack_featured_media_url":"","_links":{"self":[{"href":"http:\/\/menina-unterwegs.de\/index.php?rest_route=\/wp\/v2\/posts\/486","targetHints":{"allow":["GET"]}}],"collection":[{"href":"http:\/\/menina-unterwegs.de\/index.php?rest_route=\/wp\/v2\/posts"}],"about":[{"href":"http:\/\/menina-unterwegs.de\/index.php?rest_route=\/wp\/v2\/types\/post"}],"author":[{"embeddable":true,"href":"http:\/\/menina-unterwegs.de\/index.php?rest_route=\/wp\/v2\/users\/2"}],"replies":[{"embeddable":true,"href":"http:\/\/menina-unterwegs.de\/index.php?rest_route=%2Fwp%2Fv2%2Fcomments&post=486"}],"version-history":[{"count":1,"href":"http:\/\/menina-unterwegs.de\/index.php?rest_route=\/wp\/v2\/posts\/486\/revisions"}],"predecessor-version":[{"id":487,"href":"http:\/\/menina-unterwegs.de\/index.php?rest_route=\/wp\/v2\/posts\/486\/revisions\/487"}],"wp:attachment":[{"href":"http:\/\/menina-unterwegs.de\/index.php?rest_route=%2Fwp%2Fv2%2Fmedia&parent=486"}],"wp:term":[{"taxonomy":"category","embeddable":true,"href":"http:\/\/menina-unterwegs.de\/index.php?rest_route=%2Fwp%2Fv2%2Fcategories&post=486"},{"taxonomy":"post_tag","embeddable":true,"href":"http:\/\/menina-unterwegs.de\/index.php?rest_route=%2Fwp%2Fv2%2Ftags&post=486"}],"curies":[{"name":"wp","href":"https:\/\/api.w.org\/{rel}","templated":true}]}}