{"id":356,"date":"2014-04-19T17:14:40","date_gmt":"2014-04-19T15:14:40","guid":{"rendered":"http:\/\/menina-unterwegs.de\/?p=356"},"modified":"2014-04-19T17:14:40","modified_gmt":"2014-04-19T15:14:40","slug":"tag-23-epinal-keine-ahnung-wie-das-hier-heisst","status":"publish","type":"post","link":"http:\/\/menina-unterwegs.de\/?p=356","title":{"rendered":"Tag 23. \u00c9pinal &#8211; keine Ahnung wie das hier hei\u00dft"},"content":{"rendered":"<p><iframe loading=\"lazy\" width=\"100%\" height=\"450\" frameborder=\"0\" scrolling=\"no\" marginheight=\"0\" marginwidth=\"0\" src=\"http:\/\/www.komoot.de\/tour\/tour\/2592753?embed&utm_campaign=wpplugin\"><a href=\"http:\/\/www.komoot.de\/tour\/tour\/2592753?utm_campaign=wpplugin\">Tour anzeigen<\/a><\/iframe><\/p>\n<p>Ich habe die Etappe nach Vesoul zweigeteilt und bin reichlich froh dar\u00fcber. Als ich heute hier ankam h\u00e4tte ich nicht noch 35km fahren wollen. Heute morgen waren -2 Grad. Ich habe kurzerhand mein Fr\u00fchst\u00fcck in die Sanit\u00e4ranlagen verlegt:<\/p>\n<p><a href=\"http:\/\/menina-unterwegs.de\/wp-content\/uploads\/2014\/04\/20140419-165307.jpg\"><img decoding=\"async\" src=\"http:\/\/menina-unterwegs.de\/wp-content\/uploads\/2014\/04\/20140419-165307.jpg\" alt=\"20140419-165307.jpg\" class=\"alignnone size-full\" \/><\/a><\/p>\n<p>Wow, gl\u00fccklicherweise hatte ich keine Ahnung, wieviel H\u00f6henmeter zwischen mir und meinem Ziel lagen. Mit 60km\/h den Berg runter und den n\u00e4chsten mit 4 wieder hoch. Abwechselnd eiskalt und br\u00fcllend hei\u00df. Irgendwann habe ich meinen Puls in der Nase gef\u00fchlt. \u00c4u\u00dferst merkw\u00fcrdiges Gef\u00fchl.  Die Pause war kurz, weil kalt und windig. <\/p>\n<p><a href=\"http:\/\/menina-unterwegs.de\/wp-content\/uploads\/2014\/04\/20140419-165547.jpg\"><img decoding=\"async\" src=\"http:\/\/menina-unterwegs.de\/wp-content\/uploads\/2014\/04\/20140419-165547.jpg\" alt=\"20140419-165547.jpg\" class=\"alignnone size-full\" \/><\/a><br \/>\nNach dem Zelt aufbauen gehe ich einkaufen. Schlechte Idee, denn ich habe nicht wenig Hunger. Ich gehe in einen gigantischen &#8222;Auchan&#8220; Supermarkt und vergesse beim Betreten desselben sofort alles was ich kaufen wollte. Das Tier in mir m\u00f6chte in alle Schinken, W\u00fcrste und Brote bei\u00dfen die ich sehe. Ich finde mich in der Technikabteilung wieder und habe tats\u00e4chlich das Gef\u00fchl, dass ich hier irgendwas bestimmtes kaufen wollte. Mein Kopf ist aber leer und ich starre den Gang entlang. Die Leute starren mich an, wahrscheinlich weil ich meinen Helm noch aufhabe. W\u00fcrde ich ihn aber abnehmen, w\u00fcrden sie noch mehr starren. Bilde ich mir ein. Unversehens stehe ich vor den ca. 50m Klopapier. Ja, das brauche ich. Gibt&#8217;s hier selten auf Campingpl\u00e4tzen. Ich kaufe 8 Rollen und frage mich hier tats\u00e4chlich noch, wo ich die lassen soll. Dieser Gedanke verl\u00e4sst mich jedoch eilig, als ich in die S\u00fc\u00dfigkeiten-Abteilung komme &#8230; Mein Gehirn hat sich l\u00e4ngst haupts\u00e4chlich abgeschaltet und versucht nur noch hektisch die Vernunft wiederzufinden. Unbeeindruckt von dem Kampf in meinem Inneren, packe ich viel zu viele Dinge in meinen Korb. Ich gehe vorbei an Fertigpizzen, ger\u00e4ucherten W\u00fcrsten, Fisch und Fleisch. Ich glaube ich muss mal wieder was richtiges Essen. Und viel. Ein Typ spricht mich in gewohnt franz\u00f6sischer Supermarkt-Konversation an. Ich sage ihm, dass ich Deutsche bin kein franz\u00f6sisch spreche (alles ist runtergefahren, ich bin dazu wirklich nicht mehr in der Lage) und er wiederholt einfach nochmal das gleiche, was er zuvor gesagt hat. &#8222;Oui&#8220;, sage ich und er ist zufrieden. Als ich auf dem Parkplatz quasi wieder zu mir komme, habe ich schon das halbe Brioche mit Schokost\u00fcckchen aufgegessen. Meine H\u00e4nde und vermutlich auch mein Gesicht, sind voll mit Schokolade und ich stopfe mir gerade noch den letzten Bissen in den Mund. Ich liebe stopfen. Ich glaube ich gehe nicht wieder hungrig einkaufen. <\/p>\n<p><a href=\"http:\/\/menina-unterwegs.de\/wp-content\/uploads\/2014\/04\/20140419-171419.jpg\"><img decoding=\"async\" src=\"http:\/\/menina-unterwegs.de\/wp-content\/uploads\/2014\/04\/20140419-171419.jpg\" alt=\"20140419-171419.jpg\" class=\"alignnone size-full\" \/><\/a><\/p>\n<p><a class=\"geolocation-link\" href=\"#\" id=\"geolocation356\" name=\"47.823491,6.381078\" onclick=\"return false;\">Posted from here.<\/a><\/p>\n","protected":false},"excerpt":{"rendered":"<p>Tour anzeigen Ich habe die Etappe nach Vesoul zweigeteilt und bin reichlich froh dar\u00fcber. Als ich heute hier ankam h\u00e4tte ich nicht noch 35km fahren wollen. Heute morgen waren -2 Grad. Ich habe kurzerhand mein Fr\u00fchst\u00fcck in die Sanit\u00e4ranlagen verlegt: Wow, gl\u00fccklicherweise hatte ich keine Ahnung, wieviel H\u00f6henmeter zwischen mir und meinem Ziel lagen. Mit &hellip; <a href=\"http:\/\/menina-unterwegs.de\/?p=356\" class=\"more-link\"><span class=\"screen-reader-text\">Tag 23. \u00c9pinal &#8211; keine Ahnung wie das hier hei\u00dft<\/span> weiterlesen <span class=\"meta-nav\">&rarr;<\/span><\/a><\/p>\n","protected":false},"author":2,"featured_media":0,"comment_status":"open","ping_status":"open","sticky":false,"template":"","format":"standard","meta":{"ngg_post_thumbnail":0,"footnotes":""},"categories":[1],"tags":[],"class_list":["post-356","post","type-post","status-publish","format-standard","hentry","category-tour"],"jetpack_featured_media_url":"","_links":{"self":[{"href":"http:\/\/menina-unterwegs.de\/index.php?rest_route=\/wp\/v2\/posts\/356","targetHints":{"allow":["GET"]}}],"collection":[{"href":"http:\/\/menina-unterwegs.de\/index.php?rest_route=\/wp\/v2\/posts"}],"about":[{"href":"http:\/\/menina-unterwegs.de\/index.php?rest_route=\/wp\/v2\/types\/post"}],"author":[{"embeddable":true,"href":"http:\/\/menina-unterwegs.de\/index.php?rest_route=\/wp\/v2\/users\/2"}],"replies":[{"embeddable":true,"href":"http:\/\/menina-unterwegs.de\/index.php?rest_route=%2Fwp%2Fv2%2Fcomments&post=356"}],"version-history":[{"count":1,"href":"http:\/\/menina-unterwegs.de\/index.php?rest_route=\/wp\/v2\/posts\/356\/revisions"}],"predecessor-version":[{"id":357,"href":"http:\/\/menina-unterwegs.de\/index.php?rest_route=\/wp\/v2\/posts\/356\/revisions\/357"}],"wp:attachment":[{"href":"http:\/\/menina-unterwegs.de\/index.php?rest_route=%2Fwp%2Fv2%2Fmedia&parent=356"}],"wp:term":[{"taxonomy":"category","embeddable":true,"href":"http:\/\/menina-unterwegs.de\/index.php?rest_route=%2Fwp%2Fv2%2Fcategories&post=356"},{"taxonomy":"post_tag","embeddable":true,"href":"http:\/\/menina-unterwegs.de\/index.php?rest_route=%2Fwp%2Fv2%2Ftags&post=356"}],"curies":[{"name":"wp","href":"https:\/\/api.w.org\/{rel}","templated":true}]}}