{"id":351,"date":"2014-04-18T19:33:15","date_gmt":"2014-04-18T17:33:15","guid":{"rendered":"http:\/\/menina-unterwegs.de\/?p=351"},"modified":"2014-04-18T19:33:15","modified_gmt":"2014-04-18T17:33:15","slug":"tag-22-nancy-epinal","status":"publish","type":"post","link":"http:\/\/menina-unterwegs.de\/?p=351","title":{"rendered":"Tag 22. Nancy &#8211; \u00c9pinal"},"content":{"rendered":"<p><iframe loading=\"lazy\" width=\"100%\" height=\"450\" frameborder=\"0\" scrolling=\"no\" marginheight=\"0\" marginwidth=\"0\" src=\"http:\/\/www.komoot.de\/tour\/etappe-15-nancy-\u00e9pinal\/2276250?embed&utm_campaign=wpplugin\"><a href=\"http:\/\/www.komoot.de\/tour\/etappe-15-nancy-\u00e9pinal\/2276250?utm_campaign=wpplugin\">Tour anzeigen<\/a><\/iframe><\/p>\n<p>Heute wirklich Qu\u00e4lerei. Nach 20km kaputte Speiche mitten im nirgendwo. Aufkommende Verzweiflung runtergeschluckt, ist ja nicht das erste Mal, also kein Grund auszuflippen. Fragt sich nur wohin jetzt &#8230; In meiner Zielstadt gibt es einen Fahrradladen, was ich Dank Internet rausfinde. Dann mal frisch ans Werk und da anrufen &#8230;<br \/>\nIch radebreche (auch ein sch\u00f6nes Wort mit &#8222;Rad&#8220;. Und mit &#8222;brechen&#8220;. Wie passend &#8230;) mein Problem am Telefon einem netten Franzosen. Nat\u00fcrlich ohne die Worte f\u00fcr &#8222;Speiche&#8220;, &#8222;Hinterrad&#8220; und &#8222;auswechseln&#8220; zu kennen. Mein Satz muss f\u00fcr den Franzosen ungef\u00e4hr so klingen: &#8222;Guten Tag. Ich tue eine Tour von deutsche nach Madrid. Ich habe eine Problem mit meine letzten Rad. Es ist kaputt ein Stab. Es gibt dort viele St\u00e4be, ich kenne das Wort nicht. Es ist vorbei (hier sage ich Versehen pass\u00e9 f\u00fcr passiert) das zweite mal. Sie sind offen und k\u00f6nnen reparieren? Ja, ich gehe gut, rollen funktioniert. Oh, vielen Dank! Es gibt noch, glaube ich, 500km bis \u00c9pinal. Ja, danke, auf wiedersehen&#8220;. Er hat aber alles verstanden und die 500km schaffe ich. Es sind auch nur etwas mehr als 50, aber ich habe keine Pause gemacht und meine Energie ist bald dahin. Es geht hoch und runter und regnet sie meiste Zeit. Das ist aber ok, ich habe meine Regenkleidung an. Die letzen neun Kilometer sind endlos und gehen nochmal sch\u00f6n nach oben. Endlich bin ich am Campingplatz und baue schnell das Zelt auf. Mein Knie tut weh und ich bin klitschnass geschwitzt. Der fahrradladen ist zum Gl\u00fcck in der N\u00e4he. Es kostet 7 Euro und ich bekomme noch 5 Speichen mit auf den Weg. Ich vermute, nach 300km oder so kommt die n\u00e4chste Speiche. Ich koche nicht mehr, ich hab einfach keine Lust. Die Sonne kommt noch etwas raus, aber als Ausgleich werden heute Nacht Null Grad. Ja, solche Tage gibt es auch. Bis morgen!<\/p>\n<p><a class=\"geolocation-link\" href=\"#\" id=\"geolocation351\" name=\"48.179767,6.467443\" onclick=\"return false;\">Posted from here.<\/a><\/p>\n","protected":false},"excerpt":{"rendered":"<p>Tour anzeigen Heute wirklich Qu\u00e4lerei. Nach 20km kaputte Speiche mitten im nirgendwo. Aufkommende Verzweiflung runtergeschluckt, ist ja nicht das erste Mal, also kein Grund auszuflippen. Fragt sich nur wohin jetzt &#8230; In meiner Zielstadt gibt es einen Fahrradladen, was ich Dank Internet rausfinde. Dann mal frisch ans Werk und da anrufen &#8230; Ich radebreche (auch &hellip; <a href=\"http:\/\/menina-unterwegs.de\/?p=351\" class=\"more-link\"><span class=\"screen-reader-text\">Tag 22. Nancy &#8211; \u00c9pinal<\/span> weiterlesen <span class=\"meta-nav\">&rarr;<\/span><\/a><\/p>\n","protected":false},"author":2,"featured_media":0,"comment_status":"open","ping_status":"open","sticky":false,"template":"","format":"standard","meta":{"ngg_post_thumbnail":0,"footnotes":""},"categories":[1],"tags":[],"class_list":["post-351","post","type-post","status-publish","format-standard","hentry","category-tour"],"jetpack_featured_media_url":"","_links":{"self":[{"href":"http:\/\/menina-unterwegs.de\/index.php?rest_route=\/wp\/v2\/posts\/351","targetHints":{"allow":["GET"]}}],"collection":[{"href":"http:\/\/menina-unterwegs.de\/index.php?rest_route=\/wp\/v2\/posts"}],"about":[{"href":"http:\/\/menina-unterwegs.de\/index.php?rest_route=\/wp\/v2\/types\/post"}],"author":[{"embeddable":true,"href":"http:\/\/menina-unterwegs.de\/index.php?rest_route=\/wp\/v2\/users\/2"}],"replies":[{"embeddable":true,"href":"http:\/\/menina-unterwegs.de\/index.php?rest_route=%2Fwp%2Fv2%2Fcomments&post=351"}],"version-history":[{"count":1,"href":"http:\/\/menina-unterwegs.de\/index.php?rest_route=\/wp\/v2\/posts\/351\/revisions"}],"predecessor-version":[{"id":352,"href":"http:\/\/menina-unterwegs.de\/index.php?rest_route=\/wp\/v2\/posts\/351\/revisions\/352"}],"wp:attachment":[{"href":"http:\/\/menina-unterwegs.de\/index.php?rest_route=%2Fwp%2Fv2%2Fmedia&parent=351"}],"wp:term":[{"taxonomy":"category","embeddable":true,"href":"http:\/\/menina-unterwegs.de\/index.php?rest_route=%2Fwp%2Fv2%2Fcategories&post=351"},{"taxonomy":"post_tag","embeddable":true,"href":"http:\/\/menina-unterwegs.de\/index.php?rest_route=%2Fwp%2Fv2%2Ftags&post=351"}],"curies":[{"name":"wp","href":"https:\/\/api.w.org\/{rel}","templated":true}]}}