{"id":304,"date":"2014-04-12T11:08:15","date_gmt":"2014-04-12T09:08:15","guid":{"rendered":"http:\/\/menina-unterwegs.de\/?p=304"},"modified":"2014-04-12T19:56:42","modified_gmt":"2014-04-12T17:56:42","slug":"tag-16-trier","status":"publish","type":"post","link":"http:\/\/menina-unterwegs.de\/?p=304","title":{"rendered":"Tag 16. Trier"},"content":{"rendered":"<p>Endlich mal wieder Ausschlafen. <\/p>\n<p>Noch vor sieben bin ich gezwungen auf Toilette zu gehen. Macht nichts, mich kann heute nichts aus der Ruhe bringen. Wieder rein in den Schlafsack und weiter ged\u00f6st. Es st\u00fcrmt und die Sonne versucht die Oberhand zu gewinnen. Ich stehe auf, wasche mich und beginne planlos mit dem Fr\u00fchst\u00fcck machen. Kaum hab ich mal Zeit, scheint mein Gehirn alles durcheinander zu bringen. Keine Ordnung, kein Plan. Um mich herum verstreut liegen meine Fr\u00fchst\u00fcckssachen. Tee. Das mach ich mal zuerst. Teewasser aufsetzen. Direkt an meinem Zelt f\u00fchrt der Radweg lang. Zahlreiche Radler und Jogger beobachten meine Bem\u00fchungen. Ich tue so, als ob ich genau w\u00fcsste, was ich tue. M\u00fcsli machen. Ich gehe etwas zu gro\u00dfz\u00fcgig mit der Milch um und sie schwappt \u00fcber den Tellerrand. Macht nichts, mich bringt das nicht aus der Ruhe. Teewasser kocht, ich beginne mich langsam in bekannte Abl\u00e4ufe zu begeben. Tee aufgie\u00dfen. Zwei winzig kleine V\u00f6glein haben ihr winzig kleines Nest in direkter Nachbarschaft von mir gebastelt. Sie machen ganz leise kleine Ger\u00e4usche. Super Nachbarn. Ich beobachte ein gesch\u00e4ftiges Flattern und Bauen und Biegen und Brechen. Bis einer der beiden mich verst\u00f6rt ansieht. Keine Angst kleiner Vogel, mir steht der Sinn heute nicht nach Nano-Omelette. In meinen ornithologischen Studien habe ich meinen Tee vergessen. Der d\u00fcrfte mittlerweile recht bitter sein. Macht nichts, nur die Ruhe. Ich esse erstmal eine Kiwi. Spontan f\u00fchle ich mich \u00e4u\u00dferst gesund. Jetzt das Honigbrot. Vertr\u00e4umt schaue ich auf die Mosel, bis ein kr\u00e4ftiger Windsto\u00df eine meiner zum Trocknen aufgeh\u00e4ngten Unterhosen \u00fcber den Zaun Richtung Radweg schubst. Ich lasse mich jetzt doch aus der Ruhe bringen und hechte hinterher. Gl\u00fccklicherweise hat ein Ast den Unterhosen-H\u00f6henflug gestoppt. Ich bin erleichtert und male mir auf dem Weg zum Zelt zur\u00fcck die schlimmsten Geschichten aus. Wieder auf meinem Hocker stelle ich fest, dass das Honigbrot beleidigt ins Gras gebissen hat. Egal, meine Ruhe ist wieder hergestellt. Statt dessen probiere ich den Tee und entschlie\u00dfe mich wohlweislich, dass ich heute keinen Tee brauche. Er landet hinter mir im Grass. Ich glaube, ich bin jetzt bereit mein Fahrrad abzuholen und mir Trier anzusehen &#8230;<\/p>\n<p><a href=\"http:\/\/menina-unterwegs.de\/wp-content\/uploads\/2014\/04\/20140412-194406.jpg\"><img decoding=\"async\" src=\"http:\/\/menina-unterwegs.de\/wp-content\/uploads\/2014\/04\/20140412-194406.jpg\" alt=\"20140412-194406.jpg\" class=\"alignnone size-full\" \/><\/a><\/p>\n<p><a href=\"http:\/\/menina-unterwegs.de\/wp-content\/uploads\/2014\/04\/20140412-194421.jpg\"><img decoding=\"async\" src=\"http:\/\/menina-unterwegs.de\/wp-content\/uploads\/2014\/04\/20140412-194421.jpg\" alt=\"20140412-194421.jpg\" class=\"alignnone size-full\" \/><\/a><\/p>\n<p><a href=\"http:\/\/menina-unterwegs.de\/wp-content\/uploads\/2014\/04\/20140412-194447.jpg\"><img decoding=\"async\" src=\"http:\/\/menina-unterwegs.de\/wp-content\/uploads\/2014\/04\/20140412-194447.jpg\" alt=\"20140412-194447.jpg\" class=\"alignnone size-full\" \/><\/a><\/p>\n<p><a href=\"http:\/\/menina-unterwegs.de\/wp-content\/uploads\/2014\/04\/20140412-194504.jpg\"><img decoding=\"async\" src=\"http:\/\/menina-unterwegs.de\/wp-content\/uploads\/2014\/04\/20140412-194504.jpg\" alt=\"20140412-194504.jpg\" class=\"alignnone size-full\" \/><\/a><\/p>\n<p><a href=\"http:\/\/menina-unterwegs.de\/wp-content\/uploads\/2014\/04\/20140412-194525.jpg\"><img decoding=\"async\" src=\"http:\/\/menina-unterwegs.de\/wp-content\/uploads\/2014\/04\/20140412-194525.jpg\" alt=\"20140412-194525.jpg\" class=\"alignnone size-full\" \/><\/a><\/p>\n<p><a href=\"http:\/\/menina-unterwegs.de\/wp-content\/uploads\/2014\/04\/20140412-194546.jpg\"><img decoding=\"async\" src=\"http:\/\/menina-unterwegs.de\/wp-content\/uploads\/2014\/04\/20140412-194546.jpg\" alt=\"20140412-194546.jpg\" class=\"alignnone size-full\" \/><\/a><\/p>\n<p>So. Ein paar Eindr\u00fccke aus Trier. Und das hier wollte ich euch auch nicht vorenthalten:<\/p>\n<p><a href=\"http:\/\/menina-unterwegs.de\/wp-content\/uploads\/2014\/04\/20140412-194649.jpg\"><img decoding=\"async\" src=\"http:\/\/menina-unterwegs.de\/wp-content\/uploads\/2014\/04\/20140412-194649.jpg\" alt=\"20140412-194649.jpg\" class=\"alignnone size-full\" \/><\/a><\/p>\n<p>Das ist doch mal was. Wenn ich nur das Xena Kost\u00fcm h\u00e4tte. Ich w\u00e4r der Knaller!<\/p>\n<p>Morgen geht es nach Frankreich!<\/p>\n<p>Ach, eins noch. Eigentlich nicht mein Humor, aber was soll&#8217;s. Auf dem Weg zum Campingplatz gehe ich an einem &#8222;Eros-Center&#8220; vorbei. Mit Garage. Tiefgarage. Mehr brauche ich ja wohl nicht dazu zu sagen. Na denn, gute Nacht&#8230;<\/p>\n<p><a class=\"geolocation-link\" href=\"#\" id=\"geolocation304\" name=\"49.742681,6.625054\" onclick=\"return false;\">Posted from here.<\/a><\/p>\n","protected":false},"excerpt":{"rendered":"<p>Endlich mal wieder Ausschlafen. Noch vor sieben bin ich gezwungen auf Toilette zu gehen. Macht nichts, mich kann heute nichts aus der Ruhe bringen. Wieder rein in den Schlafsack und weiter ged\u00f6st. Es st\u00fcrmt und die Sonne versucht die Oberhand zu gewinnen. Ich stehe auf, wasche mich und beginne planlos mit dem Fr\u00fchst\u00fcck machen. Kaum &hellip; <a href=\"http:\/\/menina-unterwegs.de\/?p=304\" class=\"more-link\"><span class=\"screen-reader-text\">Tag 16. Trier<\/span> weiterlesen <span class=\"meta-nav\">&rarr;<\/span><\/a><\/p>\n","protected":false},"author":2,"featured_media":0,"comment_status":"open","ping_status":"open","sticky":false,"template":"","format":"standard","meta":{"ngg_post_thumbnail":0,"footnotes":""},"categories":[1],"tags":[],"class_list":["post-304","post","type-post","status-publish","format-standard","hentry","category-tour"],"jetpack_featured_media_url":"","_links":{"self":[{"href":"http:\/\/menina-unterwegs.de\/index.php?rest_route=\/wp\/v2\/posts\/304","targetHints":{"allow":["GET"]}}],"collection":[{"href":"http:\/\/menina-unterwegs.de\/index.php?rest_route=\/wp\/v2\/posts"}],"about":[{"href":"http:\/\/menina-unterwegs.de\/index.php?rest_route=\/wp\/v2\/types\/post"}],"author":[{"embeddable":true,"href":"http:\/\/menina-unterwegs.de\/index.php?rest_route=\/wp\/v2\/users\/2"}],"replies":[{"embeddable":true,"href":"http:\/\/menina-unterwegs.de\/index.php?rest_route=%2Fwp%2Fv2%2Fcomments&post=304"}],"version-history":[{"count":3,"href":"http:\/\/menina-unterwegs.de\/index.php?rest_route=\/wp\/v2\/posts\/304\/revisions"}],"predecessor-version":[{"id":314,"href":"http:\/\/menina-unterwegs.de\/index.php?rest_route=\/wp\/v2\/posts\/304\/revisions\/314"}],"wp:attachment":[{"href":"http:\/\/menina-unterwegs.de\/index.php?rest_route=%2Fwp%2Fv2%2Fmedia&parent=304"}],"wp:term":[{"taxonomy":"category","embeddable":true,"href":"http:\/\/menina-unterwegs.de\/index.php?rest_route=%2Fwp%2Fv2%2Fcategories&post=304"},{"taxonomy":"post_tag","embeddable":true,"href":"http:\/\/menina-unterwegs.de\/index.php?rest_route=%2Fwp%2Fv2%2Ftags&post=304"}],"curies":[{"name":"wp","href":"https:\/\/api.w.org\/{rel}","templated":true}]}}