{"id":285,"date":"2014-04-09T12:42:13","date_gmt":"2014-04-09T10:42:13","guid":{"rendered":"http:\/\/menina-unterwegs.de\/?p=285"},"modified":"2014-04-09T16:45:20","modified_gmt":"2014-04-09T14:45:20","slug":"tag-13-koblenz-cochem","status":"publish","type":"post","link":"http:\/\/menina-unterwegs.de\/?p=285","title":{"rendered":"Tag 13.  Koblenz &#8211; Cochem"},"content":{"rendered":"<p><iframe loading=\"lazy\" width=\"100%\" height=\"450\" frameborder=\"0\" scrolling=\"no\" marginheight=\"0\" marginwidth=\"0\" src=\"http:\/\/www.komoot.de\/tour\/etappe-9-koblenz-cochem\/2199638?embed&utm_campaign=wpplugin\"><a href=\"http:\/\/www.komoot.de\/tour\/etappe-9-koblenz-cochem\/2199638?utm_campaign=wpplugin\">Tour anzeigen<\/a><\/iframe><\/p>\n<p>Heute eher ein Fotoblog. Ich fahre heute an der Mosel &#8211; nach S\u00fcdwesten und der Wind von gestern r\u00e4cht sich heute. Viel Kraft, kein Vorankommen. Nicht mehr denken, nur noch treten&#8230;<\/p>\n<p>Die Mosel:<\/p>\n<p><a href=\"http:\/\/menina-unterwegs.de\/wp-content\/uploads\/2014\/04\/20140409-122235.jpg\"><img decoding=\"async\" src=\"http:\/\/menina-unterwegs.de\/wp-content\/uploads\/2014\/04\/20140409-122235.jpg\" alt=\"20140409-122235.jpg\" class=\"alignnone size-full\" \/><\/a><\/p>\n<p>Viele kleine D\u00f6rfer, alles Weind\u00f6rfer. <\/p>\n<p><a href=\"http:\/\/menina-unterwegs.de\/wp-content\/uploads\/2014\/04\/20140409-122432.jpg\"><img decoding=\"async\" src=\"http:\/\/menina-unterwegs.de\/wp-content\/uploads\/2014\/04\/20140409-122432.jpg\" alt=\"20140409-122432.jpg\" class=\"alignnone size-full\" \/><\/a><\/p>\n<p>Gasthof zum Schweisthal. Sehr passend&#8230;:<\/p>\n<p><a href=\"http:\/\/menina-unterwegs.de\/wp-content\/uploads\/2014\/04\/20140409-122652.jpg\"><img decoding=\"async\" src=\"http:\/\/menina-unterwegs.de\/wp-content\/uploads\/2014\/04\/20140409-122652.jpg\" alt=\"20140409-122652.jpg\" class=\"alignnone size-full\" \/><\/a><\/p>\n<p>&#8222;Alken&#8220; &#8211; ein neues Verb?!<\/p>\n<p><a href=\"http:\/\/menina-unterwegs.de\/wp-content\/uploads\/2014\/04\/20140409-122853.jpg\"><img decoding=\"async\" src=\"http:\/\/menina-unterwegs.de\/wp-content\/uploads\/2014\/04\/20140409-122853.jpg\" alt=\"20140409-122853.jpg\" class=\"alignnone size-full\" \/><\/a><\/p>\n<p>Nein, ein Ortsname mit netter Burg. Die es hier im \u00dcbrigen allerhand gibt. W\u00fcrde ich mir gerne ansehen. Wenn ich fliegen k\u00f6nnte&#8230;<\/p>\n<p><a href=\"http:\/\/menina-unterwegs.de\/wp-content\/uploads\/2014\/04\/20140409-123148.jpg\"><img decoding=\"async\" src=\"http:\/\/menina-unterwegs.de\/wp-content\/uploads\/2014\/04\/20140409-123148.jpg\" alt=\"20140409-123148.jpg\" class=\"alignnone size-full\" \/><\/a><\/p>\n<p>Hm&#8230; Auch passend:<\/p>\n<p><a href=\"http:\/\/menina-unterwegs.de\/wp-content\/uploads\/2014\/04\/20140409-123322.jpg\"><img decoding=\"async\" src=\"http:\/\/menina-unterwegs.de\/wp-content\/uploads\/2014\/04\/20140409-123322.jpg\" alt=\"20140409-123322.jpg\" class=\"alignnone size-full\" \/><\/a><\/p>\n<p>Jetzt mache ich Pause mit Tee und Schnitzelbr\u00f6tchen. Zielsicher die Bank mit dem besten Blick ausgesucht:<\/p>\n<p><a href=\"http:\/\/menina-unterwegs.de\/wp-content\/uploads\/2014\/04\/20140409-123534.jpg\"><img decoding=\"async\" src=\"http:\/\/menina-unterwegs.de\/wp-content\/uploads\/2014\/04\/20140409-123534.jpg\" alt=\"20140409-123534.jpg\" class=\"alignnone size-full\" \/><\/a><\/p>\n<p><a href=\"http:\/\/menina-unterwegs.de\/wp-content\/uploads\/2014\/04\/20140409-123838.jpg\"><img decoding=\"async\" src=\"http:\/\/menina-unterwegs.de\/wp-content\/uploads\/2014\/04\/20140409-123838.jpg\" alt=\"20140409-123838.jpg\" class=\"alignnone size-full\" \/><\/a><\/p>\n<p><a href=\"http:\/\/menina-unterwegs.de\/wp-content\/uploads\/2014\/04\/20140409-124025.jpg\"><img decoding=\"async\" src=\"http:\/\/menina-unterwegs.de\/wp-content\/uploads\/2014\/04\/20140409-124025.jpg\" alt=\"20140409-124025.jpg\" class=\"alignnone size-full\" \/><\/a><\/p>\n<p>Es sieht zwar warm aus, ist es aber leider nicht. Aber es regnet nicht \ud83d\ude42<\/p>\n<p>So, angekommen. Jetzt will ich mir aber schnell was Sch\u00f6nes Cochem. Ahaha.ha. <\/p>\n<p><a href=\"http:\/\/menina-unterwegs.de\/wp-content\/uploads\/2014\/04\/20140409-164412.jpg\"><img decoding=\"async\" src=\"http:\/\/menina-unterwegs.de\/wp-content\/uploads\/2014\/04\/20140409-164412.jpg\" alt=\"20140409-164412.jpg\" class=\"alignnone size-full\" \/><\/a><\/p>\n<p><a class=\"geolocation-link\" href=\"#\" id=\"geolocation285\" name=\"50.178791,7.299755\" onclick=\"return false;\">Posted from here.<\/a><\/p>\n","protected":false},"excerpt":{"rendered":"<p>Tour anzeigen Heute eher ein Fotoblog. Ich fahre heute an der Mosel &#8211; nach S\u00fcdwesten und der Wind von gestern r\u00e4cht sich heute. Viel Kraft, kein Vorankommen. Nicht mehr denken, nur noch treten&#8230; Die Mosel: Viele kleine D\u00f6rfer, alles Weind\u00f6rfer. Gasthof zum Schweisthal. Sehr passend&#8230;: &#8222;Alken&#8220; &#8211; ein neues Verb?! Nein, ein Ortsname mit netter &hellip; <a href=\"http:\/\/menina-unterwegs.de\/?p=285\" class=\"more-link\"><span class=\"screen-reader-text\">Tag 13.  Koblenz &#8211; Cochem<\/span> weiterlesen <span class=\"meta-nav\">&rarr;<\/span><\/a><\/p>\n","protected":false},"author":2,"featured_media":0,"comment_status":"open","ping_status":"open","sticky":false,"template":"","format":"standard","meta":{"ngg_post_thumbnail":0,"footnotes":""},"categories":[1],"tags":[],"class_list":["post-285","post","type-post","status-publish","format-standard","hentry","category-tour"],"jetpack_featured_media_url":"","_links":{"self":[{"href":"http:\/\/menina-unterwegs.de\/index.php?rest_route=\/wp\/v2\/posts\/285","targetHints":{"allow":["GET"]}}],"collection":[{"href":"http:\/\/menina-unterwegs.de\/index.php?rest_route=\/wp\/v2\/posts"}],"about":[{"href":"http:\/\/menina-unterwegs.de\/index.php?rest_route=\/wp\/v2\/types\/post"}],"author":[{"embeddable":true,"href":"http:\/\/menina-unterwegs.de\/index.php?rest_route=\/wp\/v2\/users\/2"}],"replies":[{"embeddable":true,"href":"http:\/\/menina-unterwegs.de\/index.php?rest_route=%2Fwp%2Fv2%2Fcomments&post=285"}],"version-history":[{"count":2,"href":"http:\/\/menina-unterwegs.de\/index.php?rest_route=\/wp\/v2\/posts\/285\/revisions"}],"predecessor-version":[{"id":288,"href":"http:\/\/menina-unterwegs.de\/index.php?rest_route=\/wp\/v2\/posts\/285\/revisions\/288"}],"wp:attachment":[{"href":"http:\/\/menina-unterwegs.de\/index.php?rest_route=%2Fwp%2Fv2%2Fmedia&parent=285"}],"wp:term":[{"taxonomy":"category","embeddable":true,"href":"http:\/\/menina-unterwegs.de\/index.php?rest_route=%2Fwp%2Fv2%2Fcategories&post=285"},{"taxonomy":"post_tag","embeddable":true,"href":"http:\/\/menina-unterwegs.de\/index.php?rest_route=%2Fwp%2Fv2%2Ftags&post=285"}],"curies":[{"name":"wp","href":"https:\/\/api.w.org\/{rel}","templated":true}]}}