{"id":274,"date":"2014-04-08T16:17:09","date_gmt":"2014-04-08T14:17:09","guid":{"rendered":"http:\/\/menina-unterwegs.de\/?p=274"},"modified":"2014-09-09T15:56:38","modified_gmt":"2014-09-09T13:56:38","slug":"tag-12-villip-koblenz","status":"publish","type":"post","link":"http:\/\/menina-unterwegs.de\/?p=274","title":{"rendered":"Tag 12. Villip &#8211; Koblenz"},"content":{"rendered":"<p><iframe loading=\"lazy\" width=\"100%\" height=\"450\" frameborder=\"0\" scrolling=\"no\" marginheight=\"0\" marginwidth=\"0\" src=\"http:\/\/www.komoot.de\/tour\/etappe-8-villip-koblenz\/t2524299?embed&utm_campaign=wpplugin\"><a href=\"http:\/\/www.komoot.de\/tour\/etappe-8-villip-koblenz\/t2524299?utm_campaign=wpplugin\">Tour anzeigen<\/a><\/iframe><\/p>\n<p>Ich will hier ja keine schlechten Nachrichten verbreiten, also sehe ich das mal positiv:<\/p>\n<p>(Gestern Abend beim Z\u00e4hneputzen)<br \/>\nR\u00f6del R\u00f6del mit der Zahnseide. Tiril\u00f6 T\u00fcdel\u00fct. Ein glockenhelles &#8222;Pling&#8220; ert\u00f6nt. Irritation, Verunsicherung &#8211; reflexartiges Ignorieren der bitteren Wahrheit. Aber, ach. Wir wollten ja positiv sein. Nun denn. Also freudig erregt ob des melodi\u00f6sen Dramas welches sich durch das dezente &#8222;Pling&#8220; ank\u00fcndigt, schaue ich ins Waschbecken. Und, tats\u00e4chlich. Da liegt sie, die Schneidezahnf\u00fcllung in Glanz und Glorie, g\u00e4nzlich unwissend wie ihr geschieht, so brutal in die harte  Keramik entlassen. Oh. Wie. Wunderbar, denke ich. Diese F\u00fcllung wollte ich immer schon los sein und was f\u00fcr ein passender Zeitpunkt. Es h\u00e4tte ja auch schlimmer kommen k\u00f6nnen. Ich h\u00e4tte zum Beispiel auf dem Weg nach Madrid sein k\u00f6nnen. Per Fahrrad. Pffft. Wer macht denn sowas. Naja. Ja. So sieht&#8217;s aus. Rausgeraspelt aus dem Schmelzverbund. Aber Dank Vivi und Dagmar ein schnelles Intermezzo mit der Villiper Zahn\u00e4rztin gehabt und jetzt ist erstmal alles wieder ok. Also rauf aufs Rad. Windst\u00e4rke 4 mit B\u00f6en 7. Villip kleckert man nicht, man klotzt. Also lassen wir die 4 Windst\u00e4rken aus und bleiben konstant bei 7. Aber, HAHA! Ich habe R\u00fcckenwind! Der bl\u00f6de Wind kann mir gar nichts! HA!  <\/p>\n<p>Bis mich Dagmar anruft, dass ich meine Trinkflasche vergessen habe. Oh. Ich rolle aus, was bei dem Wind gar nicht mal einfach ist, und drehe mich vorsichtig um. Wie schnell man doch kleinlaut werden kann. H\u00e4tte der Wind Augenbrauen &#8211; er w\u00fcrde jetzt eine davon heben. Ich habe aber tats\u00e4chlich hier mehr Gl\u00fcck als Verstand, denn Dagmar bringt mir die Flasche vorbei. Danke \ud83d\ude42<br \/>\nNun denn, so geht es dann endlich los, es ist mir fast schon peinlich, wie wenig anstrengend es mit dem Wind im R\u00fccken ist. Damit es aber nun nicht allzu einfach wird, gesellt sich der Regen zu dem Wind und ich kann ihm nicht entkommen, egal wie ich strampele. Ich ergie\u00dfe mich quasi in mein Schicksal und siehe da, schon bin ich am Rhein. <\/p>\n<p><a href=\"http:\/\/menina-unterwegs.de\/wp-content\/uploads\/2014\/04\/20140408-161437.jpg\"><img decoding=\"async\" src=\"http:\/\/menina-unterwegs.de\/wp-content\/uploads\/2014\/04\/20140408-161437.jpg\" alt=\"20140408-161437.jpg\" class=\"alignnone size-full\" \/><\/a><br \/>\nHier schifft es ganz sch\u00f6n. Und es regnet leider auch. Haha. Flachwitz.<br \/>\nWie auch immer, die Strecke ist reichlich ebenerdig und ich komme gut voran. Jetzt habe ich noch 19km bis nach Koblenz, die sitze ich ja mit einer Backe ab. Was hier w\u00f6rtlich zu nehmen ist, die andere tut n\u00e4mlich weh \ud83d\ude42<\/p>\n<p><a href=\"http:\/\/menina-unterwegs.de\/wp-content\/uploads\/2014\/04\/20140408-161654.jpg\"><img decoding=\"async\" src=\"http:\/\/menina-unterwegs.de\/wp-content\/uploads\/2014\/04\/20140408-161654.jpg\" alt=\"20140408-161654.jpg\" class=\"alignnone size-full\" \/><\/a><\/p>\n<p><a class=\"geolocation-link\" href=\"#\" id=\"geolocation274\" name=\"50.413966,7.464144\" onclick=\"return false;\">Posted from here.<\/a><\/p>\n","protected":false},"excerpt":{"rendered":"<p>Tour anzeigen Ich will hier ja keine schlechten Nachrichten verbreiten, also sehe ich das mal positiv: (Gestern Abend beim Z\u00e4hneputzen) R\u00f6del R\u00f6del mit der Zahnseide. Tiril\u00f6 T\u00fcdel\u00fct. Ein glockenhelles &#8222;Pling&#8220; ert\u00f6nt. Irritation, Verunsicherung &#8211; reflexartiges Ignorieren der bitteren Wahrheit. Aber, ach. Wir wollten ja positiv sein. Nun denn. Also freudig erregt ob des melodi\u00f6sen Dramas &hellip; <a href=\"http:\/\/menina-unterwegs.de\/?p=274\" class=\"more-link\"><span class=\"screen-reader-text\">Tag 12. Villip &#8211; Koblenz<\/span> weiterlesen <span class=\"meta-nav\">&rarr;<\/span><\/a><\/p>\n","protected":false},"author":2,"featured_media":0,"comment_status":"open","ping_status":"open","sticky":false,"template":"","format":"standard","meta":{"ngg_post_thumbnail":0,"footnotes":""},"categories":[1],"tags":[],"class_list":["post-274","post","type-post","status-publish","format-standard","hentry","category-tour"],"jetpack_featured_media_url":"","_links":{"self":[{"href":"http:\/\/menina-unterwegs.de\/index.php?rest_route=\/wp\/v2\/posts\/274","targetHints":{"allow":["GET"]}}],"collection":[{"href":"http:\/\/menina-unterwegs.de\/index.php?rest_route=\/wp\/v2\/posts"}],"about":[{"href":"http:\/\/menina-unterwegs.de\/index.php?rest_route=\/wp\/v2\/types\/post"}],"author":[{"embeddable":true,"href":"http:\/\/menina-unterwegs.de\/index.php?rest_route=\/wp\/v2\/users\/2"}],"replies":[{"embeddable":true,"href":"http:\/\/menina-unterwegs.de\/index.php?rest_route=%2Fwp%2Fv2%2Fcomments&post=274"}],"version-history":[{"count":2,"href":"http:\/\/menina-unterwegs.de\/index.php?rest_route=\/wp\/v2\/posts\/274\/revisions"}],"predecessor-version":[{"id":891,"href":"http:\/\/menina-unterwegs.de\/index.php?rest_route=\/wp\/v2\/posts\/274\/revisions\/891"}],"wp:attachment":[{"href":"http:\/\/menina-unterwegs.de\/index.php?rest_route=%2Fwp%2Fv2%2Fmedia&parent=274"}],"wp:term":[{"taxonomy":"category","embeddable":true,"href":"http:\/\/menina-unterwegs.de\/index.php?rest_route=%2Fwp%2Fv2%2Fcategories&post=274"},{"taxonomy":"post_tag","embeddable":true,"href":"http:\/\/menina-unterwegs.de\/index.php?rest_route=%2Fwp%2Fv2%2Ftags&post=274"}],"curies":[{"name":"wp","href":"https:\/\/api.w.org\/{rel}","templated":true}]}}