{"id":263,"date":"2014-04-06T12:25:38","date_gmt":"2014-04-06T10:25:38","guid":{"rendered":"http:\/\/menina-unterwegs.de\/?p=263"},"modified":"2014-09-09T15:54:21","modified_gmt":"2014-09-09T13:54:21","slug":"tag-10-bielstein-villip","status":"publish","type":"post","link":"http:\/\/menina-unterwegs.de\/?p=263","title":{"rendered":"Tag 10. Bielstein &#8211; Villip"},"content":{"rendered":"<p><iframe loading=\"lazy\" width=\"100%\" height=\"450\" frameborder=\"0\" scrolling=\"no\" marginheight=\"0\" marginwidth=\"0\" src=\"http:\/\/www.komoot.de\/tour\/etappe-7-bielstein-villip\/t2512490?embed&utm_campaign=wpplugin\"><a href=\"http:\/\/www.komoot.de\/tour\/etappe-7-bielstein-villip\/t2512490?utm_campaign=wpplugin\">Tour anzeigen<\/a><\/iframe><\/p>\n<p><strong>Begegnungen auf der Stra\u00dfe<\/strong><\/p>\n<p>Yeah, King of the road! Was ist denn das da vorne?! Nee nee nee, mach ma Platz da! Mann mann. Sonntagsfahrer, ne?! Geradeaus fahren ist wohl nicht so dein Ding, was? ALTER! Abdr\u00e4ngeln oder was?! Jetzt aber mal vorbei! Naja, von jemandem der nicht so aussieht als k\u00f6nne er nicht geradeaus Denken kann man wohl auch kein geradeaus Fahren erwarten. Weiter gehts. Ich \u00fcberhole ALLE!. &#8230; Die \u00fcber 70 sind.<br \/>\nSchade dass mein Fahrrad kein Schiebedach hat. Hey, du mieser kleiner Falter! Machst du mich an?! Setzt dich nicht dahin, sonst (\u00e4h, ja was droht man einem Schmetterling an?!). Jajaja, flatter mal schnell vorweg! Kannst mal deinem Kollegen der da neben mir den Berg hochkrabbelt verklickern, dass man nicht rechts \u00fcberholt?! Wo kommt ihr denn her, vom Land oder was?! Wow! Was bist du denn?! Eine Riesenraupe?! Ja, guck nicht so, von Rechts vor Links hast du wohl auch noch nicht geh\u00f6rt, was?! Huch. Eine Nacktschnecke&#8230;oh. Naja, aus eins mach zwei w\u00fcrde ich sagen. Oh mann, ich hab noch nie soviele zermatschte Kr\u00f6ten und Fr\u00f6sche gesehen. Oder war das eine Banane?!<\/p>\n<p>Ich komme heute bei meinen Verwandten in der N\u00e4he von K\u00f6ln an. Die Sonne scheint, ich mache pausest Blick auf einen kleinen Flughafen. Damit melde ich mich ab, ich habe Montag frei. Das ist auch n\u00f6tig :-). Ich danke euch f\u00fcr die netten Kommentare zu meinem kleinen Ausfall. Ich bin echt froh dass ich diesen Blog schreiben kann. Und dass ihr auch die nicht so fr\u00f6hlichen Texte lest. War sicher nicht der letze seiner Art&#8230; <\/p>\n<p><a href=\"http:\/\/menina-unterwegs.de\/wp-content\/uploads\/2014\/04\/20140406-122417.jpg\"><img decoding=\"async\" src=\"http:\/\/menina-unterwegs.de\/wp-content\/uploads\/2014\/04\/20140406-122417.jpg\" alt=\"20140406-122417.jpg\" class=\"alignnone size-full\" \/><\/a><br \/>\nHeute morgen war es so neblig, dass ich fast mein Zelt nicht wiedergefunden habe. Und die Stra\u00dfe war auf dem Weg kaum zu erkennen. Bis ich die Brille mal geputzt habe \ud83d\ude42<\/p>\n<p>Noch nicht das Mittelmeer, aber immerhin \ud83d\ude42<\/p>\n<p><a href=\"http:\/\/menina-unterwegs.de\/wp-content\/uploads\/2014\/04\/20140406-134131.jpg\"><img decoding=\"async\" src=\"http:\/\/menina-unterwegs.de\/wp-content\/uploads\/2014\/04\/20140406-134131.jpg\" alt=\"20140406-134131.jpg\" class=\"alignnone size-full\" \/><\/a><\/p>\n<p><a class=\"geolocation-link\" href=\"#\" id=\"geolocation263\" name=\"50.769317,7.175718\" onclick=\"return false;\">Posted from here.<\/a><\/p>\n","protected":false},"excerpt":{"rendered":"<p>Tour anzeigen Begegnungen auf der Stra\u00dfe Yeah, King of the road! Was ist denn das da vorne?! Nee nee nee, mach ma Platz da! Mann mann. Sonntagsfahrer, ne?! Geradeaus fahren ist wohl nicht so dein Ding, was? ALTER! Abdr\u00e4ngeln oder was?! Jetzt aber mal vorbei! Naja, von jemandem der nicht so aussieht als k\u00f6nne er &hellip; <a href=\"http:\/\/menina-unterwegs.de\/?p=263\" class=\"more-link\"><span class=\"screen-reader-text\">Tag 10. Bielstein &#8211; Villip<\/span> weiterlesen <span class=\"meta-nav\">&rarr;<\/span><\/a><\/p>\n","protected":false},"author":2,"featured_media":0,"comment_status":"open","ping_status":"open","sticky":false,"template":"","format":"standard","meta":{"ngg_post_thumbnail":0,"footnotes":""},"categories":[1],"tags":[],"class_list":["post-263","post","type-post","status-publish","format-standard","hentry","category-tour"],"jetpack_featured_media_url":"","_links":{"self":[{"href":"http:\/\/menina-unterwegs.de\/index.php?rest_route=\/wp\/v2\/posts\/263","targetHints":{"allow":["GET"]}}],"collection":[{"href":"http:\/\/menina-unterwegs.de\/index.php?rest_route=\/wp\/v2\/posts"}],"about":[{"href":"http:\/\/menina-unterwegs.de\/index.php?rest_route=\/wp\/v2\/types\/post"}],"author":[{"embeddable":true,"href":"http:\/\/menina-unterwegs.de\/index.php?rest_route=\/wp\/v2\/users\/2"}],"replies":[{"embeddable":true,"href":"http:\/\/menina-unterwegs.de\/index.php?rest_route=%2Fwp%2Fv2%2Fcomments&post=263"}],"version-history":[{"count":4,"href":"http:\/\/menina-unterwegs.de\/index.php?rest_route=\/wp\/v2\/posts\/263\/revisions"}],"predecessor-version":[{"id":890,"href":"http:\/\/menina-unterwegs.de\/index.php?rest_route=\/wp\/v2\/posts\/263\/revisions\/890"}],"wp:attachment":[{"href":"http:\/\/menina-unterwegs.de\/index.php?rest_route=%2Fwp%2Fv2%2Fmedia&parent=263"}],"wp:term":[{"taxonomy":"category","embeddable":true,"href":"http:\/\/menina-unterwegs.de\/index.php?rest_route=%2Fwp%2Fv2%2Fcategories&post=263"},{"taxonomy":"post_tag","embeddable":true,"href":"http:\/\/menina-unterwegs.de\/index.php?rest_route=%2Fwp%2Fv2%2Ftags&post=263"}],"curies":[{"name":"wp","href":"https:\/\/api.w.org\/{rel}","templated":true}]}}