{"id":256,"date":"2014-04-05T13:27:21","date_gmt":"2014-04-05T11:27:21","guid":{"rendered":"http:\/\/menina-unterwegs.de\/?p=256"},"modified":"2014-09-08T19:06:32","modified_gmt":"2014-09-08T17:06:32","slug":"tag-9-attendorn-bielstein","status":"publish","type":"post","link":"http:\/\/menina-unterwegs.de\/?p=256","title":{"rendered":"Tag 9. Attendorn &#8211; Bielstein"},"content":{"rendered":"<p><iframe loading=\"lazy\" width=\"100%\" height=\"450\" frameborder=\"0\" scrolling=\"no\" marginheight=\"0\" marginwidth=\"0\" src=\"http:\/\/www.komoot.de\/tour\/etappe-6a-attendorn-bielstein\/t2502394?embed&utm_campaign=wpplugin\"><a href=\"http:\/\/www.komoot.de\/tour\/etappe-6a-attendorn-bielstein\/t2502394?utm_campaign=wpplugin\">Tour anzeigen<\/a><\/iframe><\/p>\n<p>Bin jetzt bei McDonald&#8217;s, Mittag essen. Schwierig in dieser Atmosph\u00e4re die Gedanken von heute morgen aufzuschreiben. Trotzdem wichtig. <\/p>\n<p>Sitze beim Fr\u00fchst\u00fcck. Es ist kalt, nass und neblig. Ich packe meinen Schlafsack ein und die Tr\u00e4nen laufen mir das Gesicht runter. Ich weine um meinen Vater, dass er nicht mehr da ist und wie er sterben musste. Es ist unfassbar, einen Menschen zu verlieren. Mir wird klar, warum ich das hier eigentlich mache. Ich tue das, um die Angst niederzuringen. Ein t\u00e4glicher Kampf eigentlich. Ich habe keine Angst vor der k\u00f6rperlichen Anstrengung oder vor dem alleine sein. Aber vor dem alleine sein, wenn ich nicht weiter wei\u00df und vielen anderen Dingen ebenfalls.<br \/>\nEs gibt viele Menschen, die die Herausforderung lieben, neue L\u00e4nder zu entdecken und in den Tag hineinzuleben, ohne zu wissen was kommt. Ich geh\u00f6re nicht dazu. Die Herausforderung ist nicht unbedingt mit dem Fahrrad nach Madrid zu fahren. Es ist vielmehr das Leben zu Hause gut, ruhig und erf\u00fcllend zu meistern. Vielleicht komme ich etwas ruhiger nach Hamburg zur\u00fcck. <\/p>\n<p>Ich wei\u00df, das ist hier \u00f6ffentlich und manche kennen mich vielleicht nicht. Aber das hier ist mein Medium und sowas geh\u00f6rt auch dazu. Heute ist ein nachdenklicher Tag und ich bin emotional. <\/p>\n<p>Jetzt sitze ich wie gesagt bei McDonald&#8217;s und versuche nicht zu heulen w\u00e4hrend ich das schreibe. Naja, kennt mich ja keiner hier. Und ich sehe sowas von beknackt aus, dass die meisten sich vermutlich nicht wundern w\u00fcrden, wenn ich lauthals in Tr\u00e4nen ausbreche, wie ich das ja gern mal mache :-). In voller Regenmontur, mit platten Haaren, kaputten Lippen und knallroter Nase (ich glaube ich habe einen Sonnenbrand) freue ich mich \u00fcber ein Royal TS Men\u00fc und muss erstmal abschlie\u00dfend feststellen,  dass ich gar keine so coole Sau bin. Das wusste ich aber schon vorher. Und meine Sorge, ich k\u00f6nnte einfach nur fahren, ankommen und nichts ist mit mir passiert ist gl\u00fccklicherweise unberechtigt :-). <\/p>\n<p><a href=\"http:\/\/menina-unterwegs.de\/wp-content\/uploads\/2014\/04\/20140405-132303.jpg\"><img decoding=\"async\" src=\"http:\/\/menina-unterwegs.de\/wp-content\/uploads\/2014\/04\/20140405-132303.jpg\" alt=\"20140405-132303.jpg\" class=\"alignnone size-full\" \/><\/a><\/p>\n<p>Ach ja, ich bin in Gummersbach. Und der Biggensee ist ganz h\u00fcbsch, soweit ich das beurteilen konnte. Und ich verga\u00df zu schreiben, dass es in Attendorn eine Justizvollzugsanstalt gibt, die &#8222;Ewig&#8220; hei\u00dft. Kein Scherz. Hab noch 13km vor mir und da gehts nochmal sch\u00f6n hoch. Das ist gut, denn mir ist saukalt.  <\/p>\n<p><a href=\"http:\/\/menina-unterwegs.de\/wp-content\/uploads\/2014\/04\/20140405-132703.jpg\"><img decoding=\"async\" src=\"http:\/\/menina-unterwegs.de\/wp-content\/uploads\/2014\/04\/20140405-132703.jpg\" alt=\"20140405-132703.jpg\" class=\"alignnone size-full\" \/><\/a><\/p>\n<p>Ich entdecke gerade den ersten Aldi S\u00fcd. Ich bin offiziell raus aus dem Norden. Hier ist die Welt auch noch in Ordnung. Der t\u00fcrkische Grill hei\u00dft Ali Baba, der griechische Schneider hei\u00dft Nikos. Es gibt noch die gelben Telefonzellen und die Jungs haben noch normale Frisuren. Ich schaukele durch die Stadt und lasse mir zeit..,<br \/>\nUnd ich z\u00e4hle die Plakate f\u00fcr die Monster Truck Show. Ungelogen ein schon lange gehegter Wunschtraum zu sowas mal zu gehen. F\u00e4llt aber leider nicht in meine Zeit.<\/p>\n<p>Liege im Zelt. Mein Blick in den Himmel:<\/p>\n<p><a href=\"http:\/\/menina-unterwegs.de\/wp-content\/uploads\/2014\/04\/20140405-194419.jpg\"><img decoding=\"async\" src=\"http:\/\/menina-unterwegs.de\/wp-content\/uploads\/2014\/04\/20140405-194419.jpg\" alt=\"20140405-194419.jpg\" class=\"alignnone size-full\" \/><\/a><\/p>\n<p>Habe zuviele Vitalkekse (von Aldi) gegessen. F\u00fchle mich jetzt ganz unvital. Verr\u00fcckt.<br \/>\nGute Nacht.<\/p>\n<p><a class=\"geolocation-link\" href=\"#\" id=\"geolocation256\" name=\"51.014450,7.572818\" onclick=\"return false;\">Posted from here.<\/a><\/p>\n","protected":false},"excerpt":{"rendered":"<p>Tour anzeigen Bin jetzt bei McDonald&#8217;s, Mittag essen. Schwierig in dieser Atmosph\u00e4re die Gedanken von heute morgen aufzuschreiben. Trotzdem wichtig. Sitze beim Fr\u00fchst\u00fcck. Es ist kalt, nass und neblig. Ich packe meinen Schlafsack ein und die Tr\u00e4nen laufen mir das Gesicht runter. Ich weine um meinen Vater, dass er nicht mehr da ist und wie &hellip; <a href=\"http:\/\/menina-unterwegs.de\/?p=256\" class=\"more-link\"><span class=\"screen-reader-text\">Tag 9. Attendorn &#8211; Bielstein<\/span> weiterlesen <span class=\"meta-nav\">&rarr;<\/span><\/a><\/p>\n","protected":false},"author":2,"featured_media":0,"comment_status":"open","ping_status":"open","sticky":false,"template":"","format":"standard","meta":{"ngg_post_thumbnail":0,"footnotes":""},"categories":[1],"tags":[],"class_list":["post-256","post","type-post","status-publish","format-standard","hentry","category-tour"],"jetpack_featured_media_url":"","_links":{"self":[{"href":"http:\/\/menina-unterwegs.de\/index.php?rest_route=\/wp\/v2\/posts\/256","targetHints":{"allow":["GET"]}}],"collection":[{"href":"http:\/\/menina-unterwegs.de\/index.php?rest_route=\/wp\/v2\/posts"}],"about":[{"href":"http:\/\/menina-unterwegs.de\/index.php?rest_route=\/wp\/v2\/types\/post"}],"author":[{"embeddable":true,"href":"http:\/\/menina-unterwegs.de\/index.php?rest_route=\/wp\/v2\/users\/2"}],"replies":[{"embeddable":true,"href":"http:\/\/menina-unterwegs.de\/index.php?rest_route=%2Fwp%2Fv2%2Fcomments&post=256"}],"version-history":[{"count":5,"href":"http:\/\/menina-unterwegs.de\/index.php?rest_route=\/wp\/v2\/posts\/256\/revisions"}],"predecessor-version":[{"id":889,"href":"http:\/\/menina-unterwegs.de\/index.php?rest_route=\/wp\/v2\/posts\/256\/revisions\/889"}],"wp:attachment":[{"href":"http:\/\/menina-unterwegs.de\/index.php?rest_route=%2Fwp%2Fv2%2Fmedia&parent=256"}],"wp:term":[{"taxonomy":"category","embeddable":true,"href":"http:\/\/menina-unterwegs.de\/index.php?rest_route=%2Fwp%2Fv2%2Fcategories&post=256"},{"taxonomy":"post_tag","embeddable":true,"href":"http:\/\/menina-unterwegs.de\/index.php?rest_route=%2Fwp%2Fv2%2Ftags&post=256"}],"curies":[{"name":"wp","href":"https:\/\/api.w.org\/{rel}","templated":true}]}}