{"id":230,"date":"2014-04-03T13:08:42","date_gmt":"2014-04-03T11:08:42","guid":{"rendered":"http:\/\/menina-unterwegs.de\/?p=230"},"modified":"2014-09-08T19:02:52","modified_gmt":"2014-09-08T17:02:52","slug":"tag-7-warstein-meschede","status":"publish","type":"post","link":"http:\/\/menina-unterwegs.de\/?p=230","title":{"rendered":"Tag 7. Warstein &#8211; Meschede"},"content":{"rendered":"<p><iframe loading=\"lazy\" width=\"100%\" height=\"450\" frameborder=\"0\" scrolling=\"no\" marginheight=\"0\" marginwidth=\"0\" src=\"http:\/\/www.komoot.de\/tour\/etappe-5a-warstein-meschede\/t2493363?embed&utm_campaign=wpplugin\"><a href=\"http:\/\/www.komoot.de\/tour\/etappe-5a-warstein-meschede\/t2493363?utm_campaign=wpplugin\">Tour anzeigen<\/a><\/iframe><\/p>\n<p>Mache gerade Pause. Bin total erledigt. Ein Abenteuer in jeder Hinsicht. Sp\u00e4ter mehr.<\/p>\n<p>Angekommen.<\/p>\n<p>Der Weg war interessant.<\/p>\n<p>Bin am kochen. Und verhungern.<\/p>\n<p>&nbsp;<\/p>\n<p>Aber von vorne:<\/p>\n<p>Viel Zeit gelassen morgens. Blick aus dem Zelt:<\/p>\n<p><a href=\"http:\/\/menina-unterwegs.de\/wp-content\/uploads\/2014\/04\/20140403-175657.jpg\"><img loading=\"lazy\" decoding=\"async\" class=\"alignnone size-medium wp-image-232\" alt=\"20140403-175657.jpg\" src=\"http:\/\/menina-unterwegs.de\/wp-content\/uploads\/2014\/04\/20140403-175657-300x225.jpg\" width=\"300\" height=\"225\" srcset=\"http:\/\/menina-unterwegs.de\/wp-content\/uploads\/2014\/04\/20140403-175657-300x225.jpg 300w, http:\/\/menina-unterwegs.de\/wp-content\/uploads\/2014\/04\/20140403-175657.jpg 1024w\" sizes=\"auto, (max-width: 300px) 100vw, 300px\" \/><\/a><\/p>\n<p>&nbsp;<\/p>\n<p>Fr\u00fchst\u00fcck und dann auf den Weg.<\/p>\n<p>Diesen Berg:<\/p>\n<p><a href=\"http:\/\/menina-unterwegs.de\/wp-content\/uploads\/2014\/04\/20140403-182509.jpg\"><img loading=\"lazy\" decoding=\"async\" class=\"alignnone size-medium wp-image-233\" alt=\"20140403-182509.jpg\" src=\"http:\/\/menina-unterwegs.de\/wp-content\/uploads\/2014\/04\/20140403-182509-225x300.jpg\" width=\"225\" height=\"300\" srcset=\"http:\/\/menina-unterwegs.de\/wp-content\/uploads\/2014\/04\/20140403-182509-225x300.jpg 225w, http:\/\/menina-unterwegs.de\/wp-content\/uploads\/2014\/04\/20140403-182509.jpg 768w\" sizes=\"auto, (max-width: 225px) 100vw, 225px\" \/><\/a><\/p>\n<p>bin ich einmal hochgefahren und zweimal zu Fu\u00df lang gegangen. Moooment! Denkt der aufmerksame Leser. Zu Fu\u00df?!! Ja. Oben angekommen (und das war kein Spa\u00df kann ich euch sagen) hab ich festgestellt, dass ich meine Kette nicht um habe. Also zu Fu\u00df wieder runter. Kette hing geduldig am Duschhaken. Hab ich ein Gl\u00fcck. Danach wollte mein Navi mich hier lang lotsen:<\/p>\n<p><a href=\"http:\/\/menina-unterwegs.de\/wp-content\/uploads\/2014\/04\/20140403-182827.jpg\"><img loading=\"lazy\" decoding=\"async\" class=\"alignnone size-medium wp-image-234\" alt=\"20140403-182827.jpg\" src=\"http:\/\/menina-unterwegs.de\/wp-content\/uploads\/2014\/04\/20140403-182827-225x300.jpg\" width=\"225\" height=\"300\" srcset=\"http:\/\/menina-unterwegs.de\/wp-content\/uploads\/2014\/04\/20140403-182827-225x300.jpg 225w, http:\/\/menina-unterwegs.de\/wp-content\/uploads\/2014\/04\/20140403-182827.jpg 768w\" sizes=\"auto, (max-width: 225px) 100vw, 225px\" \/><\/a><\/p>\n<p>Misstrauisch (und das zu recht wie sich sp\u00e4ter rausstellte) also lang da. Geschoben nat\u00fcrlich. Ich hab jetzt bunte Flecke an der H\u00fcfte, wo sich der Sattel reingebohrt hat, weil das Hinterrad seine Chance, mal schneller als das Vorderrad zu sein, gewittert hat. Trotzdem noch naiv frohen Mutes lande ich also da:<\/p>\n<p><a href=\"http:\/\/menina-unterwegs.de\/wp-content\/uploads\/2014\/04\/20140403-183102.jpg\"><img loading=\"lazy\" decoding=\"async\" class=\"alignnone size-medium wp-image-235\" alt=\"20140403-183102.jpg\" src=\"http:\/\/menina-unterwegs.de\/wp-content\/uploads\/2014\/04\/20140403-183102-300x225.jpg\" width=\"300\" height=\"225\" srcset=\"http:\/\/menina-unterwegs.de\/wp-content\/uploads\/2014\/04\/20140403-183102-300x225.jpg 300w, http:\/\/menina-unterwegs.de\/wp-content\/uploads\/2014\/04\/20140403-183102.jpg 1024w\" sizes=\"auto, (max-width: 300px) 100vw, 300px\" \/><\/a><\/p>\n<p>Ich kann die Stra\u00dfe unten h\u00f6ren. Unbeirrt fl\u00f6tet mein Navi &#8222;bei der n\u00e4chsten M\u00f6glichkeit links abbiegen&#8220;. Ach nee.<\/p>\n<p>Die Natur freut sich \u00fcber den sicher sehr seltenen Gast und will mich gar nicht wieder loslassen:<\/p>\n<p><a href=\"http:\/\/menina-unterwegs.de\/wp-content\/uploads\/2014\/04\/20140403-183304.jpg\"><img loading=\"lazy\" decoding=\"async\" class=\"alignnone size-medium wp-image-236\" alt=\"20140403-183304.jpg\" src=\"http:\/\/menina-unterwegs.de\/wp-content\/uploads\/2014\/04\/20140403-183304-225x300.jpg\" width=\"225\" height=\"300\" srcset=\"http:\/\/menina-unterwegs.de\/wp-content\/uploads\/2014\/04\/20140403-183304-225x300.jpg 225w, http:\/\/menina-unterwegs.de\/wp-content\/uploads\/2014\/04\/20140403-183304.jpg 768w\" sizes=\"auto, (max-width: 225px) 100vw, 225px\" \/><\/a><\/p>\n<p>Schlie\u00dflich breche ich an der Stra\u00dfe aus dem Dickicht und tue so, als ob das total mein Plan gewesen w\u00e4re. Auf dem Weg zum Asphalt fast noch eine Blindschleiche oder was auch immer (Alida?) zu unfreiwilligen Zwillingen gemacht.<\/p>\n<p><a href=\"http:\/\/menina-unterwegs.de\/wp-content\/uploads\/2014\/04\/20140403-183451.jpg\"><img loading=\"lazy\" decoding=\"async\" class=\"alignnone size-medium wp-image-237\" alt=\"20140403-183451.jpg\" src=\"http:\/\/menina-unterwegs.de\/wp-content\/uploads\/2014\/04\/20140403-183451-225x300.jpg\" width=\"225\" height=\"300\" srcset=\"http:\/\/menina-unterwegs.de\/wp-content\/uploads\/2014\/04\/20140403-183451-225x300.jpg 225w, http:\/\/menina-unterwegs.de\/wp-content\/uploads\/2014\/04\/20140403-183451.jpg 768w\" sizes=\"auto, (max-width: 225px) 100vw, 225px\" \/><\/a><\/p>\n<p>Ich langweil euch mal nicht weiter mit den traurigen Details des weiteren Reiseverlaufs. Nur soviel: ich war sehr schweigsam.<\/p>\n<p>Keine Begegnungen der dritten Art. Au\u00dfer ab und zu ein K\u00e4fer, den ich doch tats\u00e4chlich \u00fcberholt habe. Und ein Schmetterling der sich tonnenschwer auf meinen Arm gesetzt hat, was mich gleich mehrere km\/h langsamer werden lie\u00df. Ein Zitronenfalter. Nat\u00fcrlich.<\/p>\n<p>Jetzt bin ich angekommen und habe gegessen. Au\u00dferdem mein Zelt mit B\u00fcroklammern regenfest gemacht. Kurz bin ich am \u00d6ffnen der B\u00fcroklammerdose fast verzweifelt, aber Vendetta hat&#8217;s gerichteT!<\/p>\n<p><a href=\"http:\/\/menina-unterwegs.de\/wp-content\/uploads\/2014\/04\/20140403-184426.jpg\"><img loading=\"lazy\" decoding=\"async\" class=\"alignnone size-medium wp-image-238\" alt=\"20140403-184426.jpg\" src=\"http:\/\/menina-unterwegs.de\/wp-content\/uploads\/2014\/04\/20140403-184426-225x300.jpg\" width=\"225\" height=\"300\" srcset=\"http:\/\/menina-unterwegs.de\/wp-content\/uploads\/2014\/04\/20140403-184426-225x300.jpg 225w, http:\/\/menina-unterwegs.de\/wp-content\/uploads\/2014\/04\/20140403-184426.jpg 768w\" sizes=\"auto, (max-width: 225px) 100vw, 225px\" \/><\/a><\/p>\n<p><a href=\"http:\/\/menina-unterwegs.de\/wp-content\/uploads\/2014\/04\/20140403-184449.jpg\"><img loading=\"lazy\" decoding=\"async\" class=\"alignnone size-medium wp-image-239\" alt=\"20140403-184449.jpg\" src=\"http:\/\/menina-unterwegs.de\/wp-content\/uploads\/2014\/04\/20140403-184449-225x300.jpg\" width=\"225\" height=\"300\" srcset=\"http:\/\/menina-unterwegs.de\/wp-content\/uploads\/2014\/04\/20140403-184449-225x300.jpg 225w, http:\/\/menina-unterwegs.de\/wp-content\/uploads\/2014\/04\/20140403-184449.jpg 768w\" sizes=\"auto, (max-width: 225px) 100vw, 225px\" \/><\/a><\/p>\n<p>&nbsp;<\/p>\n<p>Jetzt duschen. Und gute Nacht!<\/p>\n<p>00:32 &#8211;  m\u00fcde m\u00fcde m\u00fcde. Beine jucken. Allergie. Wenn ich morgen aussehe wie ein Alien erfahrt ihr es als erste. Wer auch immer ihr ist. Bin selber von mir erstaunt, wie \u00f6ffentlich ich mich so mache. Da ist wohl doch ein Mitteilungsdrang. Und das obwohl ich gar nicht betrunken bin. Wer h\u00e4tte das gedacht.<\/p>\n<p><a class=\"geolocation-link\" href=\"#\" id=\"geolocation230\" name=\"51.381597,8.289172\" onclick=\"return false;\">Posted from here.<\/a><\/p>\n","protected":false},"excerpt":{"rendered":"<p>Tour anzeigen Mache gerade Pause. Bin total erledigt. Ein Abenteuer in jeder Hinsicht. Sp\u00e4ter mehr. Angekommen. Der Weg war interessant. Bin am kochen. Und verhungern. &nbsp; Aber von vorne: Viel Zeit gelassen morgens. Blick aus dem Zelt: &nbsp; Fr\u00fchst\u00fcck und dann auf den Weg. Diesen Berg: bin ich einmal hochgefahren und zweimal zu Fu\u00df lang &hellip; <a href=\"http:\/\/menina-unterwegs.de\/?p=230\" class=\"more-link\"><span class=\"screen-reader-text\">Tag 7. Warstein &#8211; Meschede<\/span> weiterlesen <span class=\"meta-nav\">&rarr;<\/span><\/a><\/p>\n","protected":false},"author":2,"featured_media":0,"comment_status":"open","ping_status":"open","sticky":false,"template":"","format":"standard","meta":{"ngg_post_thumbnail":0,"footnotes":""},"categories":[1],"tags":[],"class_list":["post-230","post","type-post","status-publish","format-standard","hentry","category-tour"],"jetpack_featured_media_url":"","_links":{"self":[{"href":"http:\/\/menina-unterwegs.de\/index.php?rest_route=\/wp\/v2\/posts\/230","targetHints":{"allow":["GET"]}}],"collection":[{"href":"http:\/\/menina-unterwegs.de\/index.php?rest_route=\/wp\/v2\/posts"}],"about":[{"href":"http:\/\/menina-unterwegs.de\/index.php?rest_route=\/wp\/v2\/types\/post"}],"author":[{"embeddable":true,"href":"http:\/\/menina-unterwegs.de\/index.php?rest_route=\/wp\/v2\/users\/2"}],"replies":[{"embeddable":true,"href":"http:\/\/menina-unterwegs.de\/index.php?rest_route=%2Fwp%2Fv2%2Fcomments&post=230"}],"version-history":[{"count":5,"href":"http:\/\/menina-unterwegs.de\/index.php?rest_route=\/wp\/v2\/posts\/230\/revisions"}],"predecessor-version":[{"id":887,"href":"http:\/\/menina-unterwegs.de\/index.php?rest_route=\/wp\/v2\/posts\/230\/revisions\/887"}],"wp:attachment":[{"href":"http:\/\/menina-unterwegs.de\/index.php?rest_route=%2Fwp%2Fv2%2Fmedia&parent=230"}],"wp:term":[{"taxonomy":"category","embeddable":true,"href":"http:\/\/menina-unterwegs.de\/index.php?rest_route=%2Fwp%2Fv2%2Fcategories&post=230"},{"taxonomy":"post_tag","embeddable":true,"href":"http:\/\/menina-unterwegs.de\/index.php?rest_route=%2Fwp%2Fv2%2Ftags&post=230"}],"curies":[{"name":"wp","href":"https:\/\/api.w.org\/{rel}","templated":true}]}}