{"id":193,"date":"2014-03-28T20:33:09","date_gmt":"2014-03-28T19:33:09","guid":{"rendered":"http:\/\/menina-unterwegs.de\/?p=193"},"modified":"2014-07-17T12:34:07","modified_gmt":"2014-07-17T10:34:07","slug":"erster-tag","status":"publish","type":"post","link":"http:\/\/menina-unterwegs.de\/?p=193","title":{"rendered":"Erster Tag."},"content":{"rendered":"<p><iframe loading=\"lazy\" width=\"100%\" height=\"450\" frameborder=\"0\" scrolling=\"no\" marginheight=\"0\" marginwidth=\"0\" src=\"http:\/\/www.komoot.de\/tour\/2455492?embed&utm_campaign=wpplugin\"><a href=\"http:\/\/www.komoot.de\/tour\/2455492?utm_campaign=wpplugin\">Tour anzeigen<\/a><\/iframe><\/p>\n<p>Gedanken am ersten Tag:<\/p>\n<p>Wow, Elbbr\u00fccken. Cool.<\/p>\n<p><a href=\"http:\/\/menina-unterwegs.de\/wp-content\/uploads\/2014\/03\/20140328-201157.jpg\"><img decoding=\"async\" class=\"alignnone size-full\" alt=\"20140328-201157.jpg\" src=\"http:\/\/menina-unterwegs.de\/wp-content\/uploads\/2014\/03\/20140328-201157.jpg\" \/><\/a><\/p>\n<p>Weiter geht&#8217;s.<\/p>\n<p>Ganz sch\u00f6n wackelig. Oh super, mein Navi stimmt nicht. Ach hier ist also die veddel. Schnell weiter.<br \/>\nIch seh so cool aus. Ja guck nur du Spacko.<\/p>\n<p>Dann in der L\u00fcneburger Heide. Die Kraft beginnt nachzulassen. Das Denken auch. Ach, DAS ist also ein Feldweg?! Was wohl gerade alle Leute so machen. Oh, ein scharfer Stein. Was war nochmal der Grund warum ich das mache? Oh, viele scharfe Steine.<br \/>\nVorderrad f\u00e4hrt in eine andere Richtung als Hinterrad. Viel zu weicher Boden. Achso? Ich &#8222;fahre&#8220; auf dem Reitweg. Neben mir versucht sich der Fu\u00dfweg (sog.) erfolgreich vor mir zu verstecken. Na denn.<\/p>\n<p>Schei\u00df Navi. Oh, endlich wieder eine Stra\u00dfe. Glatt wie ein babypopo. Ah, nur f\u00fcr 20 Meter. Dann wohl wieder Feldweg. Dieses mal den Fu\u00dfweg auf Anhieb gefunden. Oh Gott, alles voller b\u00f6sartiger scharfer Kiesel. Hab ich schon einen Platten? Ich muss mal. Zeit f\u00fcr Tee und Geb\u00e4ck.<\/p>\n<p><a href=\"http:\/\/menina-unterwegs.de\/wp-content\/uploads\/2014\/03\/20140328-202133.jpg\"><img decoding=\"async\" class=\"alignnone size-full\" alt=\"20140328-202133.jpg\" src=\"http:\/\/menina-unterwegs.de\/wp-content\/uploads\/2014\/03\/20140328-202133.jpg\" \/><\/a><\/p>\n<p><a href=\"http:\/\/menina-unterwegs.de\/wp-content\/uploads\/2014\/03\/20140328-202307.jpg\"><img decoding=\"async\" class=\"alignnone size-full\" alt=\"20140328-202307.jpg\" src=\"http:\/\/menina-unterwegs.de\/wp-content\/uploads\/2014\/03\/20140328-202307.jpg\" \/><\/a><\/p>\n<p>Wow ist mir kalt. D\u00e4mliches Handy. H\u00e4lt gerade mal drei Stunden. Ladekabel bei der Arbeit liegen lassen. Ich D\u00f6del. Kommt mir so vor als f\u00fchre ich schon seit Stunden. Ach, haha. Tue ich ja auch. Naja, denn mal weiter.<\/p>\n<p>(Lange Zeit nur Gehechel und keine Gedanken)<\/p>\n<p>Wusste gar nicht was einem alles einschlafen kann. Dass das \u00fcberhaupt geht? Wird Zeit dass ich mal ankomme. Der Weg ist das Ziel. Jaja. Kann ja auch ein kurzer Weg sein. Spricht ja mal nichts dagegen. Oh Soltau. Na, war doch ein klacks&#8230;<\/p>\n<p><a href=\"http:\/\/menina-unterwegs.de\/wp-content\/uploads\/2014\/03\/20140328-202854.jpg\"><img decoding=\"async\" class=\"alignnone size-full\" alt=\"20140328-202854.jpg\" src=\"http:\/\/menina-unterwegs.de\/wp-content\/uploads\/2014\/03\/20140328-202854.jpg\" \/><\/a><\/p>\n<p>So liebe Leute. Soviel schreibe ich sicher nicht immer, aber ihr fehlt mir alle und ich denke an euch. Jetzt bin ich so m\u00fcde dass ich vermutlich schlafe wie der Stein, der sich unauff\u00e4llig an meinen R\u00fccken kuschelt. Schlaft gut!<\/p>\n<p><a href=\"http:\/\/menina-unterwegs.de\/wp-content\/uploads\/2014\/03\/20140328-203217.jpg\"><img decoding=\"async\" class=\"alignnone size-full\" alt=\"20140328-203217.jpg\" src=\"http:\/\/menina-unterwegs.de\/wp-content\/uploads\/2014\/03\/20140328-203217.jpg\" \/><\/a><\/p>\n<p><a class=\"geolocation-link\" href=\"#\" id=\"geolocation193\" name=\"52.986675,9.910668999999984\" onclick=\"return false;\">Posted from here.<\/a><\/p>\n","protected":false},"excerpt":{"rendered":"<p>Tour anzeigen Gedanken am ersten Tag: Wow, Elbbr\u00fccken. Cool. Weiter geht&#8217;s. Ganz sch\u00f6n wackelig. Oh super, mein Navi stimmt nicht. Ach hier ist also die veddel. Schnell weiter. Ich seh so cool aus. Ja guck nur du Spacko. Dann in der L\u00fcneburger Heide. Die Kraft beginnt nachzulassen. Das Denken auch. Ach, DAS ist also ein &hellip; <a href=\"http:\/\/menina-unterwegs.de\/?p=193\" class=\"more-link\"><span class=\"screen-reader-text\">Erster Tag.<\/span> weiterlesen <span class=\"meta-nav\">&rarr;<\/span><\/a><\/p>\n","protected":false},"author":2,"featured_media":0,"comment_status":"open","ping_status":"open","sticky":false,"template":"","format":"standard","meta":{"ngg_post_thumbnail":0,"footnotes":""},"categories":[1],"tags":[],"class_list":["post-193","post","type-post","status-publish","format-standard","hentry","category-tour"],"jetpack_featured_media_url":"","_links":{"self":[{"href":"http:\/\/menina-unterwegs.de\/index.php?rest_route=\/wp\/v2\/posts\/193","targetHints":{"allow":["GET"]}}],"collection":[{"href":"http:\/\/menina-unterwegs.de\/index.php?rest_route=\/wp\/v2\/posts"}],"about":[{"href":"http:\/\/menina-unterwegs.de\/index.php?rest_route=\/wp\/v2\/types\/post"}],"author":[{"embeddable":true,"href":"http:\/\/menina-unterwegs.de\/index.php?rest_route=\/wp\/v2\/users\/2"}],"replies":[{"embeddable":true,"href":"http:\/\/menina-unterwegs.de\/index.php?rest_route=%2Fwp%2Fv2%2Fcomments&post=193"}],"version-history":[{"count":3,"href":"http:\/\/menina-unterwegs.de\/index.php?rest_route=\/wp\/v2\/posts\/193\/revisions"}],"predecessor-version":[{"id":880,"href":"http:\/\/menina-unterwegs.de\/index.php?rest_route=\/wp\/v2\/posts\/193\/revisions\/880"}],"wp:attachment":[{"href":"http:\/\/menina-unterwegs.de\/index.php?rest_route=%2Fwp%2Fv2%2Fmedia&parent=193"}],"wp:term":[{"taxonomy":"category","embeddable":true,"href":"http:\/\/menina-unterwegs.de\/index.php?rest_route=%2Fwp%2Fv2%2Fcategories&post=193"},{"taxonomy":"post_tag","embeddable":true,"href":"http:\/\/menina-unterwegs.de\/index.php?rest_route=%2Fwp%2Fv2%2Ftags&post=193"}],"curies":[{"name":"wp","href":"https:\/\/api.w.org\/{rel}","templated":true}]}}